{"id":98,"date":"2011-03-26T17:31:04","date_gmt":"2011-03-26T16:31:04","guid":{"rendered":"http:\/\/www.mehok.uni-miskolc.hu\/btkhok\/?p=98"},"modified":"2011-03-26T17:31:04","modified_gmt":"2011-03-26T16:31:04","slug":"migransok-reflektorfenyben-%e2%80%93-mediapalyazat","status":"publish","type":"post","link":"http:\/\/www.mehok.uni-miskolc.hu\/btkhok\/?p=98","title":{"rendered":"Migr\u00e1nsok reflektorf\u00e9nyben \u2013 m\u00e9diap\u00e1ly\u00e1zat"},"content":{"rendered":"<p>A Nemzetk\u00f6zi Migr\u00e1ci\u00f3s Szervezet az Eur\u00f3pai Bizotts\u00e1ggal egy\u00fcttm\u0171k\u00f6dve nemzetk\u00f6zi cikk\u00edr\u00f3 \u00e9s dokumentumfilm-versenyt hirdet egyetemi \u00e9s f\u0151iskolai hallgat\u00f3k sz\u00e1m\u00e1ra (\u00e9letkor 18-28 \u00e9v). A p\u00e1ly\u00e1zati anyagok t\u00e9m\u00e1ja: migr\u00e1nsok, integr\u00e1ci\u00f3 \u00e9s\/vagy kultur\u00e1lis soksz\u00edn\u0171s\u00e9g Magyarorsz\u00e1gon, Csehorsz\u00e1gban, Lettorsz\u00e1gban, Litv\u00e1ni\u00e1ban, Rom\u00e1ni\u00e1ban vagy Szlov\u00e1ki\u00e1ban.<\/p>\n<p>A Migr\u00e1nsok reflektorf\u00e9nyben c\u00edm\u0171 projektben a F\u00fcggetlen M\u00e9diak\u00f6zpont partnerk\u00e9nt vesz r\u00e9szt.<\/p>\n<p><!--more--><\/p>\n<p><strong>A p\u00e1ly\u00e1zati munk\u00e1k lead\u00e1si hat\u00e1rideje<\/strong> 2011. \u00e1prilis 4. A p\u00e1ly\u00e1zat r\u00e9szletei \u00e9s jelentkez\u00e9s az al\u00e1bbi honlapon:<\/p>\n<p>R\u00e9szletek: <a href=\"http:\/\/www.mits-eu.org\/index.php\/hu\/mediaverseny\" target=\"_blank\">http:\/\/www.mits-eu.org\/index.php\/hu\/mediaverseny<\/a><\/p>\n","protected":false},"excerpt":{"rendered":"<p>A Nemzetk\u00f6zi Migr\u00e1ci\u00f3s Szervezet az Eur\u00f3pai Bizotts\u00e1ggal egy\u00fcttm\u0171k\u00f6dve nemzetk\u00f6zi cikk\u00edr\u00f3 \u00e9s dokumentumfilm-versenyt hirdet egyetemi \u00e9s f\u0151iskolai hallgat\u00f3k sz\u00e1m\u00e1ra (\u00e9letkor 18-28 \u00e9v). A p\u00e1ly\u00e1zati anyagok t\u00e9m\u00e1ja: migr\u00e1nsok, integr\u00e1ci\u00f3 \u00e9s\/vagy kultur\u00e1lis soksz\u00edn\u0171s\u00e9g Magyarorsz\u00e1gon, Csehorsz\u00e1gban, Lettorsz\u00e1gban, Litv\u00e1ni\u00e1ban, Rom\u00e1ni\u00e1ban vagy Szlov\u00e1ki\u00e1ban. A Migr\u00e1nsok reflektorf\u00e9nyben c\u00edm\u0171 projektben a F\u00fcggetlen M\u00e9diak\u00f6zpont partnerk\u00e9nt vesz r\u00e9szt.<\/p>\n","protected":false},"author":1,"featured_media":0,"comment_status":"open","ping_status":"open","sticky":false,"template":"","format":"standard","meta":[],"categories":[11],"tags":[],"_links":{"self":[{"href":"http:\/\/www.mehok.uni-miskolc.hu\/btkhok\/index.php?rest_route=\/wp\/v2\/posts\/98"}],"collection":[{"href":"http:\/\/www.mehok.uni-miskolc.hu\/btkhok\/index.php?rest_route=\/wp\/v2\/posts"}],"about":[{"href":"http:\/\/www.mehok.uni-miskolc.hu\/btkhok\/index.php?rest_route=\/wp\/v2\/types\/post"}],"author":[{"embeddable":true,"href":"http:\/\/www.mehok.uni-miskolc.hu\/btkhok\/index.php?rest_route=\/wp\/v2\/users\/1"}],"replies":[{"embeddable":true,"href":"http:\/\/www.mehok.uni-miskolc.hu\/btkhok\/index.php?rest_route=%2Fwp%2Fv2%2Fcomments&post=98"}],"version-history":[{"count":1,"href":"http:\/\/www.mehok.uni-miskolc.hu\/btkhok\/index.php?rest_route=\/wp\/v2\/posts\/98\/revisions"}],"predecessor-version":[{"id":99,"href":"http:\/\/www.mehok.uni-miskolc.hu\/btkhok\/index.php?rest_route=\/wp\/v2\/posts\/98\/revisions\/99"}],"wp:attachment":[{"href":"http:\/\/www.mehok.uni-miskolc.hu\/btkhok\/index.php?rest_route=%2Fwp%2Fv2%2Fmedia&parent=98"}],"wp:term":[{"taxonomy":"category","embeddable":true,"href":"http:\/\/www.mehok.uni-miskolc.hu\/btkhok\/index.php?rest_route=%2Fwp%2Fv2%2Fcategories&post=98"},{"taxonomy":"post_tag","embeddable":true,"href":"http:\/\/www.mehok.uni-miskolc.hu\/btkhok\/index.php?rest_route=%2Fwp%2Fv2%2Ftags&post=98"}],"curies":[{"name":"wp","href":"https:\/\/api.w.org\/{rel}","templated":true}]}}