{"id":93,"date":"2011-03-26T17:22:50","date_gmt":"2011-03-26T16:22:50","guid":{"rendered":"http:\/\/www.mehok.uni-miskolc.hu\/btkhok\/?p=93"},"modified":"2011-03-26T17:22:50","modified_gmt":"2011-03-26T16:22:50","slug":"bekes-megye-kepviselo-testuletenek-palyazati-felhivasa","status":"publish","type":"post","link":"http:\/\/www.mehok.uni-miskolc.hu\/btkhok\/?p=93","title":{"rendered":"B\u00e9k\u00e9s Megye K\u00e9pvisel\u0151-test\u00fclet\u00e9nek p\u00e1ly\u00e1zati felh\u00edv\u00e1sa"},"content":{"rendered":"<p>1. T\u00e1mogat\u00e1s c\u00e9lja<\/p>\n<p>A B\u00e9k\u00e9s Megyei \u00d6nkorm\u00e1nyzat saj\u00e1t forr\u00e1sainak terh\u00e9re t\u00e1mogatni k\u00edv\u00e1nja a diploma megszerz\u00e9se<br \/>\n\u00e9s ezzel a tanulm\u00e1nyaik lez\u00e1r\u00e1sa el\u0151tt \u00e1ll\u00f3, egyetemi oktat\u00e1sban r\u00e9sztvev\u0151 fiatalok gyakorlat<br \/>\nszerz\u00e9s\u00e9t B\u00e9k\u00e9s megy\u00e9ben. A k\u00f6telez\u0151en elv\u00e9gzend\u0151 gyakorlat id\u0151szak\u00e1ban fel k\u00edv\u00e1nja kelteni a<br \/>\nfiatalok \u00e9rdekl\u0151d\u00e9s\u00e9t a B\u00e9k\u00e9s megyei munka lehet\u0151s\u00e9gek ir\u00e1nt.<br \/>\nAz \u00f6sszef\u00fcgg\u0151 szakmai gyakorlat teljes\u00edt\u00e9se alatt a hallgat\u00f3k munkatapasztalatot szerezhetnek<br \/>\na B\u00e9k\u00e9s Megyei \u00d6nkorm\u00e1nyzati Hivataln\u00e1l, illetve a B\u00e9k\u00e9s Megyei \u00d6nkorm\u00e1nyzat \u00e9rdekelts\u00e9gi<br \/>\nk\u00f6r\u00e9be tartoz\u00f3 gazdas\u00e1gi t\u00e1rsas\u00e1gokn\u00e1l, valamint a fenntart\u00e1s\u00e1ban m\u0171k\u00f6d\u0151 int\u00e9zm\u00e9nyekn\u00e9l:<\/p>\n<p><!--more--><\/p>\n<p>&#8211; B\u00e9k\u00e9s Megyei Tud\u00e1sh\u00e1z \u00e9s K\u00f6nyvt\u00e1r,<br \/>\n&#8211; B\u00e9k\u00e9s Megyei Lev\u00e9lt\u00e1r<br \/>\n&#8211; B\u00e9k\u00e9s Megyei M\u00fazeumok Igazgat\u00f3s\u00e1ga<br \/>\n&#8211; B\u00e9k\u00e9s Megyei Napsug\u00e1r B\u00e1bsz\u00ednh\u00e1z<br \/>\n&#8211; B\u00e9k\u00e9s Megyei J\u00f3kai Sz\u00ednh\u00e1z<br \/>\n&#8211; Farkas Gyula K\u00f6zoktat\u00e1si Int\u00e9zm\u00e9ny<br \/>\n&#8211; Harruckern J\u00e1nos K\u00f6zoktat\u00e1si Int\u00e9zm\u00e9ny<br \/>\n&#8211; Hunyadi J\u00e1nos K\u00f6zoktat\u00e1si Int\u00e9zm\u00e9ny<br \/>\n&#8211; B\u00e9k\u00e9s Megyei Szoci\u00e1lis, Gyermekv\u00e9delmi, Rehabilit\u00e1ci\u00f3s \u00e9s M\u00f3dszertani K\u00f6zpont<br \/>\n&#8211; P\u00e1ndy K\u00e1lm\u00e1n K\u00f3rh\u00e1z<br \/>\n&#8211; B\u00e9k\u00e9s Megyei Hajnal Istv\u00e1n Szoci\u00e1lis Szolg\u00e1ltat\u00f3 Centrum<br \/>\n&#8211; B\u00e9k\u00e9s Megyei K\u00f6r\u00f6s-menti Szoci\u00e1lis Centrum<br \/>\n&#8211; B\u00e9k\u00e9s Megye K\u00e9pvisel\u0151-test\u00fclete Ell\u00e1t\u00f3 \u00e9s Szolg\u00e1ltat\u00f3 Szervezete<\/p>\n<p>2. A foglalkoztat\u00e1s jogszab\u00e1lyi h\u00e1ttere<br \/>\n&#8211; T\u00f6rv\u00e9nyi h\u00e1tt\u00e9r: a fels\u0151oktat\u00e1sr\u00f3l sz\u00f3l\u00f3 2005. \u00e9vi CXXXIX. t\u00f6rv\u00e9ny (a tov\u00e1bbiakban:<br \/>\nFtv.), a Munka T\u00f6rv\u00e9nyk\u00f6nyv\u00e9r\u0151l sz\u00f3l\u00f3 1992. \u00e9vi XXII. t\u00f6rv\u00e9ny (a tov\u00e1bbiakban: Mt.)<br \/>\n&#8211; Foglalkoztat\u00e1si forma: gyakorlati k\u00e9pz\u00e9s<\/p>\n<p>3. Program megnevez\u00e9se: Fels\u0151oktat\u00e1si int\u00e9zm\u00e9nyek hallgat\u00f3inak gyakorlati hely biztos\u00edt\u00e1sa<\/p>\n<p>4. Ig\u00e9nybejelent\u00e9sre jogosultak: a fels\u0151oktat\u00e1sban r\u00e9sztvev\u0151 \u00e9rv\u00e9nyes hallgat\u00f3i jogviszonnyal<br \/>\nrendelkez\u0151 hallgat\u00f3k<\/p>\n<p>5. T\u00e1mogathat\u00f3: az \u00f6sszef\u00fcgg\u0151, k\u00f6telez\u0151 szakmai gyakorlat<\/p>\n<p>6. P\u00e9nz\u00fcgyi felt\u00e9telek<br \/>\n&#8211; T\u00e1mogat\u00e1s jogc\u00edme: Az Ftv. 48. \u00a7 (3) bekezd\u00e9se szerint: hallgat\u00f3i munkad\u00edj<br \/>\n&#8211; T\u00e1mogat\u00e1s m\u00e9rt\u00e9ke: hetente a legkisebb k\u00f6telez\u0151 munkab\u00e9r (minim\u00e1lb\u00e9r) havi \u00f6sszege<br \/>\ntizen\u00f6t sz\u00e1zal\u00e9k\u00e1nak megfelel\u0151 \u00f6sszeg<br \/>\n&#8211; T\u00e1mogat\u00e1s futamideje: az \u00f6sszef\u00fcgg\u0151, k\u00f6telez\u0151 szakmai gyakorlat id\u0151tartama<\/p>\n<p>7. T\u00e1mogatott foglalkoztat\u00e1si forma: szakmai gyakorlat<\/p>\n<p>8. Foglalkoztat\u00f3 v\u00e1llalja, hogy<br \/>\n&#8211; a hallgat\u00f3val az Ftv. 46. \u00a7 (10) bekezd\u00e9se szerint hallgat\u00f3i munkaszerz\u0151d\u00e9st k\u00f6t. A hallgat\u00f3i<br \/>\nmunkaszerz\u0151d\u00e9s alapj\u00e1n munk\u00e1t v\u00e9gz\u0151 hallgat\u00f3 foglalkoztat\u00e1s\u00e1ra az Mt. rendelkez\u00e9seit<br \/>\nmegfelel\u0151en alkalmazza.<\/p>\n<p>&#8211;<\/p>\n<p>biztos\u00edtja a szakmai gyakorlaton r\u00e9sztvev\u0151 fiatal r\u00e9sz\u00e9re a megfelel\u0151 munkafelt\u00e9teleket<\/p>\n<p>9. El\u0151nyben r\u00e9szes\u00fcl az a p\u00e1ly\u00e1z\u00f3, aki:<br \/>\n&#8211; B\u00e9k\u00e9s megy\u00e9ben \u00e1lland\u00f3 lakhellyel, illetve<br \/>\n&#8211; jobb tanulm\u00e1nyi \u00e1tlaggal rendelkezik<\/p>\n<p>10. A p\u00e1ly\u00e1zat beny\u00fajt\u00e1s\u00e1hoz sz\u00fcks\u00e9ges dokumentumok:<br \/>\n&#8211; \u00f6n\u00e9letrajz<br \/>\n&#8211; motiv\u00e1ci\u00f3s lev\u00e9l<br \/>\n&#8211; utols\u00f3 lez\u00e1rt f\u00e9l\u00e9v indexm\u00e1solata<br \/>\n&#8211; hallgat\u00f3i jogviszony igazol\u00e1s<\/p>\n<p>11. A p\u00e1ly\u00e1zat beny\u00fajt\u00e1s\u00e1nak helye, m\u00f3dja \u00e9s hat\u00e1rideje:<br \/>\n&#8211; B\u00e9k\u00e9s Megyei \u00d6nkorm\u00e1nyzati Hivatal Szakmai Fel\u00fcgyeleti Oszt\u00e1ly, 5600 B\u00e9k\u00e9scsaba,<br \/>\nDerkovits sor 2.<br \/>\n&#8211; Aj\u00e1nlott k\u00fcldem\u00e9nyk\u00e9nt<br \/>\n&#8211; Hat\u00e1rid\u0151: 2011. \u00e1prilis 22. (post\u00e1ra ad\u00e1s)<\/p>\n<p>12. A p\u00e1ly\u00e1zatok elb\u00edr\u00e1l\u00e1s\u00e1nak m\u00f3dja \u00e9s hat\u00e1rideje:<br \/>\n&#8211; A be\u00e9rkez\u0151 p\u00e1ly\u00e1zatokat B\u00e9k\u00e9s Megye K\u00e9pvisel\u0151-test\u00fclete Hum\u00e1n \u00dcgyek Bizotts\u00e1ga b\u00edr\u00e1lja<br \/>\nel.<br \/>\n&#8211; Hat\u00e1rid\u0151: 2011. m\u00e1jus 31.<\/p>\n<p>13. Tov\u00e1bbi inform\u00e1ci\u00f3k:<br \/>\nP\u00e1pai Anna M\u00e1ria oktat\u00e1si referens:<br \/>\nTelefon: 66\/441-141\/122 vagy 20\/535-57-67<br \/>\nE-mail: anna.papai@bekesmegye.hu<\/p>\n","protected":false},"excerpt":{"rendered":"<p>1. T\u00e1mogat\u00e1s c\u00e9lja A B\u00e9k\u00e9s Megyei \u00d6nkorm\u00e1nyzat saj\u00e1t forr\u00e1sainak terh\u00e9re t\u00e1mogatni k\u00edv\u00e1nja a diploma megszerz\u00e9se \u00e9s ezzel a tanulm\u00e1nyaik lez\u00e1r\u00e1sa el\u0151tt \u00e1ll\u00f3, egyetemi oktat\u00e1sban r\u00e9sztvev\u0151 fiatalok gyakorlat szerz\u00e9s\u00e9t B\u00e9k\u00e9s megy\u00e9ben. A k\u00f6telez\u0151en elv\u00e9gzend\u0151 gyakorlat id\u0151szak\u00e1ban fel k\u00edv\u00e1nja kelteni a fiatalok \u00e9rdekl\u0151d\u00e9s\u00e9t a B\u00e9k\u00e9s megyei munka lehet\u0151s\u00e9gek ir\u00e1nt. Az \u00f6sszef\u00fcgg\u0151 szakmai gyakorlat teljes\u00edt\u00e9se alatt a hallgat\u00f3k&hellip;<\/p>\n","protected":false},"author":1,"featured_media":0,"comment_status":"open","ping_status":"open","sticky":false,"template":"","format":"standard","meta":[],"categories":[11],"tags":[],"_links":{"self":[{"href":"http:\/\/www.mehok.uni-miskolc.hu\/btkhok\/index.php?rest_route=\/wp\/v2\/posts\/93"}],"collection":[{"href":"http:\/\/www.mehok.uni-miskolc.hu\/btkhok\/index.php?rest_route=\/wp\/v2\/posts"}],"about":[{"href":"http:\/\/www.mehok.uni-miskolc.hu\/btkhok\/index.php?rest_route=\/wp\/v2\/types\/post"}],"author":[{"embeddable":true,"href":"http:\/\/www.mehok.uni-miskolc.hu\/btkhok\/index.php?rest_route=\/wp\/v2\/users\/1"}],"replies":[{"embeddable":true,"href":"http:\/\/www.mehok.uni-miskolc.hu\/btkhok\/index.php?rest_route=%2Fwp%2Fv2%2Fcomments&post=93"}],"version-history":[{"count":1,"href":"http:\/\/www.mehok.uni-miskolc.hu\/btkhok\/index.php?rest_route=\/wp\/v2\/posts\/93\/revisions"}],"predecessor-version":[{"id":94,"href":"http:\/\/www.mehok.uni-miskolc.hu\/btkhok\/index.php?rest_route=\/wp\/v2\/posts\/93\/revisions\/94"}],"wp:attachment":[{"href":"http:\/\/www.mehok.uni-miskolc.hu\/btkhok\/index.php?rest_route=%2Fwp%2Fv2%2Fmedia&parent=93"}],"wp:term":[{"taxonomy":"category","embeddable":true,"href":"http:\/\/www.mehok.uni-miskolc.hu\/btkhok\/index.php?rest_route=%2Fwp%2Fv2%2Fcategories&post=93"},{"taxonomy":"post_tag","embeddable":true,"href":"http:\/\/www.mehok.uni-miskolc.hu\/btkhok\/index.php?rest_route=%2Fwp%2Fv2%2Ftags&post=93"}],"curies":[{"name":"wp","href":"https:\/\/api.w.org\/{rel}","templated":true}]}}