{"id":901,"date":"2013-09-19T09:26:42","date_gmt":"2013-09-19T07:26:42","guid":{"rendered":"http:\/\/www.mehok.uni-miskolc.hu\/btkhok\/?p=901"},"modified":"2013-09-19T09:27:00","modified_gmt":"2013-09-19T07:27:00","slug":"901","status":"publish","type":"post","link":"http:\/\/www.mehok.uni-miskolc.hu\/btkhok\/?p=901","title":{"rendered":""},"content":{"rendered":"<p><img loading=\"lazy\" src=\"https:\/\/mail-attachment.googleusercontent.com\/attachment\/u\/0\/?ui=2&amp;ik=24aa0f21d1&amp;view=att&amp;th=1411807f973871a2&amp;attid=0.1.0.2&amp;disp=inline&amp;safe=1&amp;zw&amp;saduie=AG9B_P9RJE9VhARdCmfriv5m5zjJ&amp;sadet=1379575556450&amp;sads=CKADqBvHFcpjrA59WJ7tT5Ud_n8\" alt=\"\" width=\"480\" height=\"346\" \/><\/p>\n<p><!--more--><\/p>\n<div id=\"_mcePaste\" style=\"text-align: justify;\">Szeretn\u00e9d ak\u00e1r m\u00e1r szeptemberben kiv\u00e1lasztani a gyakorlati helyedet, esetleg az els\u0151 \u00e1ll\u00e1sodat? Erre minden lehet\u0151s\u00e9ged meglesz a szeptember 27-i<\/div>\n<div id=\"_mcePaste\" style=\"text-align: justify;\">Nyitott Gy\u00e1rak Napj\u00e1n. A Szabolcsi Karrier Gener\u00e1tor Programban ezen a napon bemutatkozik nektek az Unilever ny\u00edrb\u00e1tori gy\u00e1ra, a Coloplast, a Diehl<\/div>\n<div id=\"_mcePaste\" style=\"text-align: justify;\">Aircabin, a Hoya, az MSK \u00e9s a Serioplast. Ha szeretn\u00e9d szem\u00e9lyesen megismerni a r\u00e9gi\u00f3 nagyv\u00e1llalatain\u00e1l zajl\u00f3 munk\u00e1t, munka- \u00e9s gyakorlati lehet\u0151s\u00e9geket,<\/div>\n<div id=\"_mcePaste\" style=\"text-align: justify;\">jelentkezz. kedveld a Szabolcsi Karrier Gener\u00e1tor oldal\u00e1t \u00e9s a \u2019Regisztr\u00e1ci\u00f3\u2019 f\u00fclre kattintva t\u00f6ltsd ki a jelentkez\u00e9si lapot. A Nyitott Gy\u00e1rak Napj\u00e1n Debrecenb\u0151l,<\/div>\n<div id=\"_mcePaste\" style=\"text-align: justify;\">Ny\u00edregyh\u00e1z\u00e1r\u00f3l, Miskolcr\u00f3l \u00e9s Kecskem\u00e9tr\u0151l ingyenes buszj\u00e1ratot is ind\u00edtunk a helysz\u00ednekre. Minden r\u00e9szletet megismerhetsz ezen a linken: http:\/\/<\/div>\n<div id=\"_mcePaste\" style=\"text-align: justify;\">www.facebook.com\/karriergenerator<\/div>\n<div id=\"_mcePaste\" style=\"text-align: justify;\">V\u00e1lassz, melyik gy\u00e1rakat szeretn\u00e9d bel\u00fclr\u0151l is megismerni, hogy munkahelyet, fizetett gyakorlati helyet, \u00f6szt\u00f6nd\u00edjprogramot, TDK vagy<\/div>\n<div id=\"_mcePaste\" style=\"text-align: justify;\">szakdolgozati t\u00e9m\u00e1t is tudatosan v\u00e1laszthass.<\/div>\n<div id=\"_mcePaste\" style=\"text-align: justify;\">N\u00e9zd meg Eur\u00f3pa egyik legjelent\u0151sebb Unilever gy\u00e1r\u00e1t m\u0171k\u00f6d\u00e9s k\u00f6zben szeptember 27-\u00e9n a Nyitott Gy\u00e1rak Napj\u00e1n! Az Unilever mintegy 190<\/div>\n<div id=\"_mcePaste\" style=\"text-align: justify;\">orsz\u00e1gban, t\u00f6bb mint 400 term\u00e9kkel van jelen az \u00e9lelmiszerek, kozmetikumok \u00e9s h\u00e1ztart\u00e1si tiszt\u00edt\u00f3szerek piac\u00e1n. Naponta 160 milli\u00f3 alkalommal v\u00e1laszt<\/div>\n<div id=\"_mcePaste\" style=\"text-align: justify;\">valaki Unilever term\u00e9ket, k\u00f6zt\u00fck azokat a h\u00e1ztart\u00e1s-vegyipari term\u00e9keket, amelyek Ny\u00edrb\u00e1torban k\u00e9sz\u00fclnek. A 120 \u00e9ve m\u0171k\u00f6d\u0151 Unilever hazai le\u00e1nyv\u00e1llalata<\/div>\n<div id=\"_mcePaste\" style=\"text-align: justify;\">1991-ben j\u00f6tt l\u00e9tre, k\u00f6zpontja Budapesten, h\u00e1rom gy\u00e1r\u00e1nak egyike Ny\u00edrb\u00e1torban tal\u00e1lhat\u00f3. A v\u00e1llalat haz\u00e1nkban j\u00e9gkr\u00e9mek, margarin, must\u00e1r, ketchup,<\/div>\n<div id=\"_mcePaste\" style=\"text-align: justify;\">majon\u00e9z, levesek, \u00e9tel\u00edzes\u00edt\u0151k, tiszt\u00edt\u00f3szerek, kozmetikumok gy\u00e1rt\u00e1s\u00e1val \u00e9s forgalmaz\u00e1s\u00e1val foglalkozik. A Ny\u00edrb\u00e1tori H\u00e1ztart\u00e1s-vegyipari Gy\u00e1ra Eur\u00f3pa egyik<\/div>\n<div id=\"_mcePaste\" style=\"text-align: justify;\">legjelent\u0151sebb Unilever gy\u00e1ra, egyben \u00a0a r\u00e9gi\u00f3 egyik legnagyobb munk\u00e1ltat\u00f3ja. A Ny\u00edrb\u00e1torban k\u00e9sz\u00fcl\u0151 Domestos, Cif, Fl\u00f3raszept, \u00e9s Coccolino term\u00e9keket<\/div>\n<div id=\"_mcePaste\" style=\"text-align: justify;\">Eur\u00f3pa 30 orsz\u00e1g\u00e1ba sz\u00e1ll\u00edtj\u00e1k. A 211 f\u0151t foglalkoztat\u00f3 gy\u00e1rban \u00e9vente mintegy 201 milli\u00f3 flakon \u00f6bl\u00edt\u0151- \u00e9s tiszt\u00edt\u00f3szer k\u00e9sz\u00fcl. &gt;&gt;&gt; Jelentkezz most!<\/div>\n<div id=\"_mcePaste\" style=\"text-align: justify;\">Ha szem\u00fcveget viselsz, biztosan ismered a jap\u00e1n multi, a HOYA nev\u00e9t, ha m\u00e9g nem, szeptember 27-\u00e9n k\u00f6zelr\u0151l veheted szem\u00fcgyre a t\u00f6bbek k\u00f6z\u00f6tt<\/div>\n<div id=\"_mcePaste\" style=\"text-align: justify;\">szem\u00fcveglencs\u00e9ket, kontaktlencs\u00e9ket \u00e9s a h\u00e1lyogseb\u00e9szetben haszn\u00e1latos be\u00fcltetett lencs\u00e9ket is gy\u00e1rt\u00f3 v\u00e1llalatot m\u0171k\u00f6d\u00e9s k\u00f6zben, \u00e9s azt is megtudhatod,<\/div>\n<div id=\"_mcePaste\" style=\"text-align: justify;\">milyen lehet\u0151s\u00e9geket k\u00edn\u00e1l sz\u00e1modra a gy\u00e1r. A HOYA jap\u00e1n multinacion\u00e1lis eg\u00e9szs\u00e9g\u00fcgyi-technikai profillal rendelkez\u0151 v\u00e1llalat, vezet\u0151 sz\u00e1ll\u00edt\u00f3 az innovat\u00edv<\/div>\n<div id=\"_mcePaste\" style=\"text-align: justify;\">cs\u00facstechnol\u00f3gi\u00e1t k\u00e9pvisel\u0151 l\u00e1t\u00e1sjav\u00edt\u00f3 term\u00e9kek piac\u00e1n, de gy\u00e1rt t\u00f6bbek k\u00f6z\u00f6tt szem\u00fcveglencs\u00e9t, kontaktlencs\u00e9t, orvosi endoszk\u00f3pot, f\u00e9nyk\u00e9pez\u0151g\u00e9p<\/div>\n<div id=\"_mcePaste\" style=\"text-align: justify;\">lencs\u00e9t, LCD panelekben haszn\u00e1latos fotomaszkot, optikai lencs\u00e9t is. A HOYA Csoportbn vil\u00e1gszerte 32 300 munkat\u00e1rs dolgozik. M\u00e1t\u00e9szalk\u00e1n 1999 \u00f3ta van<\/div>\n<div id=\"_mcePaste\" style=\"text-align: justify;\">jelen, a gy\u00e1rt\u00f3egys\u00e9g\u00e9ben \u00fcveg mold termel\u00e9s, \u00fcveg Rx \u00e9s sz\u00ednezett m\u0171anyag lencs\u00e9k gy\u00e1rt\u00e1sa folyik. K\u00f6zel 700 munkav\u00e1llal\u00f3nak ny\u00fajt biztos meg\u00e9lhet\u00e9st.<\/div>\n<div id=\"_mcePaste\" style=\"text-align: justify;\">&gt;&gt;&gt; Jelentkezz most!<\/div>\n<div id=\"_mcePaste\" style=\"text-align: justify;\">Szeptember 27-\u00e9n megismerheted a d\u00e1n sz\u00e9khely\u0171, gy\u00f3gy\u00e1szati seg\u00e9deszk\u00f6z\u00f6k gy\u00e1rt\u00e1s\u00e1val foglalkoz\u00f3 Coloplast ny\u00edrb\u00e1tori gy\u00e1r\u00e1t. A k\u00f6zel<\/div>\n<div id=\"_mcePaste\" style=\"text-align: justify;\">60 \u00e9ve m\u0171k\u00f6d\u0151 v\u00e1llalat folyamatos term\u00e9k- \u00e9s gy\u00e1rt\u00e1sfejleszt\u00e9sei tett\u00e9k lehet\u0151v\u00e9, hogy a vil\u00e1g k\u00f3rh\u00e1zainak \u00e9s eg\u00e9szs\u00e9g\u00fcgyi int\u00e9zm\u00e9nyeinek vezet\u0151<\/div>\n<div id=\"_mcePaste\" style=\"text-align: justify;\">besz\u00e1ll\u00edt\u00f3jak\u00e9nt tarts\u00e1k sz\u00e1mon. A d\u00e1niai c\u00e9g le\u00e1nyv\u00e1llalatak\u00e9nt a Coloplast Hungary Kft. 2001 szeptember\u00e9ben kezdte meg termel\u00e9s\u00e9t Tatab\u00e1ny\u00e1n, ny\u00edrb\u00e1tori<\/div>\n<div id=\"_mcePaste\" style=\"text-align: justify;\">telephely\u00fck 2007 \u0151sze \u00f3ta m\u0171k\u00f6dik, k\u00f6zel 700 dolgoz\u00f3nak ad munk\u00e1t. &gt;&gt;&gt; Jelentkezz most!<\/div>\n<div id=\"_mcePaste\" style=\"text-align: justify;\">Ell\u00e1togatn\u00e1l egy rep\u00fcl\u0151g\u00e9palkatr\u00e9sz-gy\u00e1rba is? Szeptember 27-\u00e9n a Diehl Aircabin Hungary ny\u00edrb\u00e1tori gy\u00e1r\u00e1ban megn\u00e9zheted, hol, hogyan<\/div>\n<div id=\"_mcePaste\" style=\"text-align: justify;\">k\u00e9sz\u00fclnek az utassz\u00e1ll\u00edt\u00f3 rep\u00fcl\u0151g\u00e9pek kabinegys\u00e9gei \u00e9s kl\u00edmacs\u00f6vei. A Diehl Aircabin GmbH n\u00e9met csal\u00e1di tulajdonban l\u00e9v\u0151, t\u00f6bb ipari szakter\u00fcleten is<\/div>\n<div id=\"_mcePaste\" style=\"text-align: justify;\">tev\u00e9kenyked\u0151, vil\u00e1gszerte k\u00f6zel 14.000 alkalmazottat foglalkoztat\u00f3 v\u00e1llalat. \u00dcgyfelei k\u00f6z\u00e9 tartozik m\u00e1sok mellett az Airbus, a Boeing, az Eurocopter \u00e9s az<\/div>\n<div id=\"_mcePaste\" style=\"text-align: justify;\">Embraer. A termel\u00e9s megkezd\u00e9sekor a Diehl Aircabin Hungary 25 f\u0151t foglalkoztatott, a munkav\u00e1llal\u00f3k sz\u00e1ma ma m\u00e1r t\u00f6bb mint 190 f\u0151 \u00e9s 2015 v\u00e9g\u00e9re t\u00f6bb<\/div>\n<div id=\"_mcePaste\" style=\"text-align: justify;\">mint 300 f\u0151 dolgozik majd itt. Ha szeretn\u00e9l k\u00f6zt\u00fck lenni, ismerd meg a v\u00e1llalatot k\u00f6zelr\u0151l szeptember 27-\u00e9n. &gt;&gt;&gt; Jelentkezz most!<\/div>\n<div id=\"_mcePaste\" style=\"text-align: justify;\">Ahhoz, hogy olasz v\u00e1llalatn\u00e1l dolgozass, el\u00e9g Ny\u00edrb\u00e1torig utazni. A Serioplast az Old Mill Holding tagv\u00e1llalatak\u00e9nt a legnagyobb olasz merev<\/div>\n<div id=\"_mcePaste\" style=\"text-align: justify;\">m\u0171anyag palackokat gy\u00e1rt\u00f3 v\u00e1llalat, Eur\u00f3p\u00e1ban is vezet\u0151 szerepet j\u00e1tszik ezen a piacon. Olyan \u00fcgyfeleknek dolgozik, mint a Coca-Cola, a L\u2019Oreal, a Szabolcsi<\/div>\n<div id=\"_mcePaste\" style=\"text-align: justify;\">Karrier Gener\u00e1tor Programban is r\u00e9sztvev\u0151 Unilever, a Campari, a Colgate vagy a Johnson&amp;Johnson. A Ny\u00edrb\u00e1tori gy\u00e1rt\u00f3csarnokot 2009-ben adt\u00e1k \u00e1t, ahol az<\/div>\n<div id=\"_mcePaste\" style=\"text-align: justify;\">Unileverrel k\u00f6t\u00f6tt hossz\u00fa t\u00e1v\u00fa meg\u00e1llapod\u00e1s alapj\u00e1n h\u00e1ztart\u00e1si tiszt\u00edt\u00f3szer-gy\u00e1rt\u00e1shoz sz\u00fcks\u00e9ges m\u0171anyag flakonok k\u00e9sz\u00fclnek. 2011-ben a c\u00e9gcsoport m\u00e1sik<\/div>\n<div id=\"_mcePaste\" style=\"text-align: justify;\">div\u00edzi\u00f3j\u00e1hoz tartoz\u00f3 Farmol Hungary is megkezdte a termel\u00e9st Ny\u00edrb\u00e1torban, ahol aerosol term\u00e9keket gy\u00e1rtanak. &gt;&gt;&gt; Jelentkezz most!<\/div>\n<div id=\"_mcePaste\" style=\"text-align: justify;\">Az MSK igazi m\u00e9rn\u00f6kparadicsom azoknak, akiknek a karrier\u00e1lma, hogy g\u00e9peket tervezzenek \u2013 gy\u0151z\u0151dj meg err\u0151l a saj\u00e1t szemeddel szeptember<\/div>\n<div id=\"_mcePaste\" style=\"text-align: justify;\">27-\u00e9n, a Nyitott Gy\u00e1rak Napj\u00e1n. Az MSK Covertech-Group raklapoz\u00f3 rendszerei, zsugorf\u00f3li\u00e1z\u00f3 csomagol\u00f3g\u00e9pei, ny\u00fajtott-f\u00f3li\u00e1z\u00f3 csomagol\u00f3g\u00e9pei, kicsomagol\u00f3<\/div>\n<div id=\"_mcePaste\" style=\"text-align: justify;\">g\u00e9pei, sz\u00e1ll\u00edt\u00e1stechnik\u00e1ja, szoftver \u00e9s egyedi \u00e1rumozgat\u00f3 rendszerei minden g\u00e9pes\u00edt\u00e9si fokozathoz a megfelel\u0151 megold\u00e1st k\u00edn\u00e1lj\u00e1k. Az anyav\u00e1llalat sz\u00e9khelye<\/div>\n<div id=\"_mcePaste\" style=\"text-align: justify;\">a n\u00e9metorsz\u00e1gi Klev\u00e9ben tal\u00e1lhat\u00f3. Gy\u00e1rt\u00f3 telephelyeik N\u00e9metorsz\u00e1gban, Franciaorsz\u00e1gban, az USA-ban \u00e9s K\u00edn\u00e1ban, valamint Magyarorsz\u00e1gon, Ny\u00edrb\u00e1torban<\/div>\n<div id=\"_mcePaste\" style=\"text-align: justify;\">tal\u00e1lhat\u00f3ak. A magyar egys\u00e9g 1994 \u00f3ta m\u0171k\u00f6dik, jelenleg k\u00f6zel 200 f\u0151 dolgozik itt. Nagy l\u00e9tsz\u00e1m\u00fa m\u00e9rn\u00f6ki oszt\u00e1lyokkal, a legmodernebb CAD- \u00e9s CAEszoftverek bevet\u00e9s\u00e9vel ker\u00fcl sor Ny\u00edrb\u00e1torban az MSK egyedi alkatr\u00e9szek, sz\u00e1ll\u00edt\u00e1stechnikai komponensek \u00e9s standard-g\u00e9pek v\u00e9gszerel\u00e9sre el\u0151k\u00e9sz\u00edtett<\/div>\n<div id=\"_mcePaste\" style=\"text-align: justify;\">legy\u00e1rt\u00e1s\u00e1ra, bele\u00e9rtve az \u00f6sszes sz\u00fcks\u00e9ges hardver \u00e9s szoftver el\u0151\u00e1ll\u00edt\u00e1s\u00e1t is. &gt;&gt;&gt; Jelentkezz most!<\/div>\n<p style=\"text-align: justify;\">Szeretn\u00e9d ak\u00e1r m\u00e1r szeptemberben kiv\u00e1lasztani a gyakorlati helyedet, esetleg az els\u0151 \u00e1ll\u00e1sodat? Erre minden lehet\u0151s\u00e9ged meglesz a szeptember 27-i<br \/>\nNyitott Gy\u00e1rak Napj\u00e1n. A Szabolcsi Karrier Gener\u00e1tor Programban ezen a napon bemutatkozik nektek az Unilever ny\u00edrb\u00e1tori gy\u00e1ra, a Coloplast, a Diehl<br \/>\nAircabin, a Hoya, az MSK \u00e9s a Serioplast. Ha szeretn\u00e9d szem\u00e9lyesen megismerni a r\u00e9gi\u00f3 nagyv\u00e1llalatain\u00e1l zajl\u00f3 munk\u00e1t, munka- \u00e9s gyakorlati lehet\u0151s\u00e9geket,<br \/>\njelentkezz. kedveld a Szabolcsi Karrier Gener\u00e1tor oldal\u00e1t \u00e9s a \u2019Regisztr\u00e1ci\u00f3\u2019 f\u00fclre kattintva t\u00f6ltsd ki a jelentkez\u00e9si lapot. A Nyitott Gy\u00e1rak Napj\u00e1n Debrecenb\u0151l,<br \/>\nNy\u00edregyh\u00e1z\u00e1r\u00f3l, Miskolcr\u00f3l \u00e9s Kecskem\u00e9tr\u0151l ingyenes buszj\u00e1ratot is ind\u00edtunk a helysz\u00ednekre. Minden r\u00e9szletet megismerhetsz ezen a linken: http:\/\/<br \/>\nwww.facebook.com\/karriergenerator<br \/>\nV\u00e1lassz, melyik gy\u00e1rakat szeretn\u00e9d bel\u00fclr\u0151l is megismerni, hogy munkahelyet, fizetett gyakorlati helyet, \u00f6szt\u00f6nd\u00edjprogramot, TDK vagy<br \/>\nszakdolgozati t\u00e9m\u00e1t is tudatosan v\u00e1laszthass.<br \/>\nN\u00e9zd meg Eur\u00f3pa egyik legjelent\u0151sebb Unilever gy\u00e1r\u00e1t m\u0171k\u00f6d\u00e9s k\u00f6zben szeptember 27-\u00e9n a Nyitott Gy\u00e1rak Napj\u00e1n! Az Unilever mintegy 190<br \/>\norsz\u00e1gban, t\u00f6bb mint 400 term\u00e9kkel van jelen az \u00e9lelmiszerek, kozmetikumok \u00e9s h\u00e1ztart\u00e1si tiszt\u00edt\u00f3szerek piac\u00e1n. Naponta 160 milli\u00f3 alkalommal v\u00e1laszt<br \/>\nvalaki Unilever term\u00e9ket, k\u00f6zt\u00fck azokat a h\u00e1ztart\u00e1s-vegyipari term\u00e9keket, amelyek Ny\u00edrb\u00e1torban k\u00e9sz\u00fclnek. A 120 \u00e9ve m\u0171k\u00f6d\u0151 Unilever hazai le\u00e1nyv\u00e1llalata<br \/>\n1991-ben j\u00f6tt l\u00e9tre, k\u00f6zpontja Budapesten, h\u00e1rom gy\u00e1r\u00e1nak egyike Ny\u00edrb\u00e1torban tal\u00e1lhat\u00f3. A v\u00e1llalat haz\u00e1nkban j\u00e9gkr\u00e9mek, margarin, must\u00e1r, ketchup,<br \/>\nmajon\u00e9z, levesek, \u00e9tel\u00edzes\u00edt\u0151k, tiszt\u00edt\u00f3szerek, kozmetikumok gy\u00e1rt\u00e1s\u00e1val \u00e9s forgalmaz\u00e1s\u00e1val foglalkozik. A Ny\u00edrb\u00e1tori H\u00e1ztart\u00e1s-vegyipari Gy\u00e1ra Eur\u00f3pa egyik<br \/>\nlegjelent\u0151sebb Unilever gy\u00e1ra, egyben \u00a0a r\u00e9gi\u00f3 egyik legnagyobb munk\u00e1ltat\u00f3ja. A Ny\u00edrb\u00e1torban k\u00e9sz\u00fcl\u0151 Domestos, Cif, Fl\u00f3raszept, \u00e9s Coccolino term\u00e9keket<br \/>\nEur\u00f3pa 30 orsz\u00e1g\u00e1ba sz\u00e1ll\u00edtj\u00e1k. A 211 f\u0151t foglalkoztat\u00f3 gy\u00e1rban \u00e9vente mintegy 201 milli\u00f3 flakon \u00f6bl\u00edt\u0151- \u00e9s tiszt\u00edt\u00f3szer k\u00e9sz\u00fcl. &gt;&gt;&gt; Jelentkezz most!<br \/>\nHa szem\u00fcveget viselsz, biztosan ismered a jap\u00e1n multi, a HOYA nev\u00e9t, ha m\u00e9g nem, szeptember 27-\u00e9n k\u00f6zelr\u0151l veheted szem\u00fcgyre a t\u00f6bbek k\u00f6z\u00f6tt<br \/>\nszem\u00fcveglencs\u00e9ket, kontaktlencs\u00e9ket \u00e9s a h\u00e1lyogseb\u00e9szetben haszn\u00e1latos be\u00fcltetett lencs\u00e9ket is gy\u00e1rt\u00f3 v\u00e1llalatot m\u0171k\u00f6d\u00e9s k\u00f6zben, \u00e9s azt is megtudhatod,<br \/>\nmilyen lehet\u0151s\u00e9geket k\u00edn\u00e1l sz\u00e1modra a gy\u00e1r. A HOYA jap\u00e1n multinacion\u00e1lis eg\u00e9szs\u00e9g\u00fcgyi-technikai profillal rendelkez\u0151 v\u00e1llalat, vezet\u0151 sz\u00e1ll\u00edt\u00f3 az innovat\u00edv<br \/>\ncs\u00facstechnol\u00f3gi\u00e1t k\u00e9pvisel\u0151 l\u00e1t\u00e1sjav\u00edt\u00f3 term\u00e9kek piac\u00e1n, de gy\u00e1rt t\u00f6bbek k\u00f6z\u00f6tt szem\u00fcveglencs\u00e9t, kontaktlencs\u00e9t, orvosi endoszk\u00f3pot, f\u00e9nyk\u00e9pez\u0151g\u00e9p<br \/>\nlencs\u00e9t, LCD panelekben haszn\u00e1latos fotomaszkot, optikai lencs\u00e9t is. A HOYA Csoportbn vil\u00e1gszerte 32 300 munkat\u00e1rs dolgozik. M\u00e1t\u00e9szalk\u00e1n 1999 \u00f3ta van<br \/>\njelen, a gy\u00e1rt\u00f3egys\u00e9g\u00e9ben \u00fcveg mold termel\u00e9s, \u00fcveg Rx \u00e9s sz\u00ednezett m\u0171anyag lencs\u00e9k gy\u00e1rt\u00e1sa folyik. K\u00f6zel 700 munkav\u00e1llal\u00f3nak ny\u00fajt biztos meg\u00e9lhet\u00e9st.<br \/>\n&gt;&gt;&gt; Jelentkezz most!<br \/>\nSzeptember 27-\u00e9n megismerheted a d\u00e1n sz\u00e9khely\u0171, gy\u00f3gy\u00e1szati seg\u00e9deszk\u00f6z\u00f6k gy\u00e1rt\u00e1s\u00e1val foglalkoz\u00f3 Coloplast ny\u00edrb\u00e1tori gy\u00e1r\u00e1t. A k\u00f6zel<br \/>\n60 \u00e9ve m\u0171k\u00f6d\u0151 v\u00e1llalat folyamatos term\u00e9k- \u00e9s gy\u00e1rt\u00e1sfejleszt\u00e9sei tett\u00e9k lehet\u0151v\u00e9, hogy a vil\u00e1g k\u00f3rh\u00e1zainak \u00e9s eg\u00e9szs\u00e9g\u00fcgyi int\u00e9zm\u00e9nyeinek vezet\u0151<br \/>\nbesz\u00e1ll\u00edt\u00f3jak\u00e9nt tarts\u00e1k sz\u00e1mon. A d\u00e1niai c\u00e9g le\u00e1nyv\u00e1llalatak\u00e9nt a Coloplast Hungary Kft. 2001 szeptember\u00e9ben kezdte meg termel\u00e9s\u00e9t Tatab\u00e1ny\u00e1n, ny\u00edrb\u00e1tori<br \/>\ntelephely\u00fck 2007 \u0151sze \u00f3ta m\u0171k\u00f6dik, k\u00f6zel 700 dolgoz\u00f3nak ad munk\u00e1t. &gt;&gt;&gt; Jelentkezz most!<br \/>\nEll\u00e1togatn\u00e1l egy rep\u00fcl\u0151g\u00e9palkatr\u00e9sz-gy\u00e1rba is? Szeptember 27-\u00e9n a Diehl Aircabin Hungary ny\u00edrb\u00e1tori gy\u00e1r\u00e1ban megn\u00e9zheted, hol, hogyan<br \/>\nk\u00e9sz\u00fclnek az utassz\u00e1ll\u00edt\u00f3 rep\u00fcl\u0151g\u00e9pek kabinegys\u00e9gei \u00e9s kl\u00edmacs\u00f6vei. A Diehl Aircabin GmbH n\u00e9met csal\u00e1di tulajdonban l\u00e9v\u0151, t\u00f6bb ipari szakter\u00fcleten is<br \/>\ntev\u00e9kenyked\u0151, vil\u00e1gszerte k\u00f6zel 14.000 alkalmazottat foglalkoztat\u00f3 v\u00e1llalat. \u00dcgyfelei k\u00f6z\u00e9 tartozik m\u00e1sok mellett az Airbus, a Boeing, az Eurocopter \u00e9s az<br \/>\nEmbraer. A termel\u00e9s megkezd\u00e9sekor a Diehl Aircabin Hungary 25 f\u0151t foglalkoztatott, a munkav\u00e1llal\u00f3k sz\u00e1ma ma m\u00e1r t\u00f6bb mint 190 f\u0151 \u00e9s 2015 v\u00e9g\u00e9re t\u00f6bb<br \/>\nmint 300 f\u0151 dolgozik majd itt. Ha szeretn\u00e9l k\u00f6zt\u00fck lenni, ismerd meg a v\u00e1llalatot k\u00f6zelr\u0151l szeptember 27-\u00e9n. &gt;&gt;&gt; Jelentkezz most!<br \/>\nAhhoz, hogy olasz v\u00e1llalatn\u00e1l dolgozass, el\u00e9g Ny\u00edrb\u00e1torig utazni. A Serioplast az Old Mill Holding tagv\u00e1llalatak\u00e9nt a legnagyobb olasz merev<br \/>\nm\u0171anyag palackokat gy\u00e1rt\u00f3 v\u00e1llalat, Eur\u00f3p\u00e1ban is vezet\u0151 szerepet j\u00e1tszik ezen a piacon. Olyan \u00fcgyfeleknek dolgozik, mint a Coca-Cola, a L\u2019Oreal, a Szabolcsi<br \/>\nKarrier Gener\u00e1tor Programban is r\u00e9sztvev\u0151 Unilever, a Campari, a Colgate vagy a Johnson&amp;Johnson. A Ny\u00edrb\u00e1tori gy\u00e1rt\u00f3csarnokot 2009-ben adt\u00e1k \u00e1t, ahol az<br \/>\nUnileverrel k\u00f6t\u00f6tt hossz\u00fa t\u00e1v\u00fa meg\u00e1llapod\u00e1s alapj\u00e1n h\u00e1ztart\u00e1si tiszt\u00edt\u00f3szer-gy\u00e1rt\u00e1shoz sz\u00fcks\u00e9ges m\u0171anyag flakonok k\u00e9sz\u00fclnek. 2011-ben a c\u00e9gcsoport m\u00e1sik<br \/>\ndiv\u00edzi\u00f3j\u00e1hoz tartoz\u00f3 Farmol Hungary is megkezdte a termel\u00e9st Ny\u00edrb\u00e1torban, ahol aerosol term\u00e9keket gy\u00e1rtanak. &gt;&gt;&gt; Jelentkezz most!<br \/>\nAz MSK igazi m\u00e9rn\u00f6kparadicsom azoknak, akiknek a karrier\u00e1lma, hogy g\u00e9peket tervezzenek \u2013 gy\u0151z\u0151dj meg err\u0151l a saj\u00e1t szemeddel szeptember<br \/>\n27-\u00e9n, a Nyitott Gy\u00e1rak Napj\u00e1n. Az MSK Covertech-Group raklapoz\u00f3 rendszerei, zsugorf\u00f3li\u00e1z\u00f3 csomagol\u00f3g\u00e9pei, ny\u00fajtott-f\u00f3li\u00e1z\u00f3 csomagol\u00f3g\u00e9pei, kicsomagol\u00f3<br \/>\ng\u00e9pei, sz\u00e1ll\u00edt\u00e1stechnik\u00e1ja, szoftver \u00e9s egyedi \u00e1rumozgat\u00f3 rendszerei minden g\u00e9pes\u00edt\u00e9si fokozathoz a megfelel\u0151 megold\u00e1st k\u00edn\u00e1lj\u00e1k. Az anyav\u00e1llalat sz\u00e9khelye<br \/>\na n\u00e9metorsz\u00e1gi Klev\u00e9ben tal\u00e1lhat\u00f3. Gy\u00e1rt\u00f3 telephelyeik N\u00e9metorsz\u00e1gban, Franciaorsz\u00e1gban, az USA-ban \u00e9s K\u00edn\u00e1ban, valamint Magyarorsz\u00e1gon, Ny\u00edrb\u00e1torban<br \/>\ntal\u00e1lhat\u00f3ak. A magyar egys\u00e9g 1994 \u00f3ta m\u0171k\u00f6dik, jelenleg k\u00f6zel 200 f\u0151 dolgozik itt. Nagy l\u00e9tsz\u00e1m\u00fa m\u00e9rn\u00f6ki oszt\u00e1lyokkal, a legmodernebb CAD- \u00e9s CAEszoftverek bevet\u00e9s\u00e9vel ker\u00fcl sor Ny\u00edrb\u00e1torban az MSK egyedi alkatr\u00e9szek, sz\u00e1ll\u00edt\u00e1stechnikai komponensek \u00e9s standard-g\u00e9pek v\u00e9gszerel\u00e9sre el\u0151k\u00e9sz\u00edtett<br \/>\nlegy\u00e1rt\u00e1s\u00e1ra, bele\u00e9rtve az \u00f6sszes sz\u00fcks\u00e9ges hardver \u00e9s szoftver el\u0151\u00e1ll\u00edt\u00e1s\u00e1t is. &gt;&gt;&gt; Jelentkezz most!<\/p>\n","protected":false},"excerpt":{"rendered":"","protected":false},"author":1,"featured_media":0,"comment_status":"open","ping_status":"open","sticky":false,"template":"","format":"standard","meta":[],"categories":[8],"tags":[],"_links":{"self":[{"href":"http:\/\/www.mehok.uni-miskolc.hu\/btkhok\/index.php?rest_route=\/wp\/v2\/posts\/901"}],"collection":[{"href":"http:\/\/www.mehok.uni-miskolc.hu\/btkhok\/index.php?rest_route=\/wp\/v2\/posts"}],"about":[{"href":"http:\/\/www.mehok.uni-miskolc.hu\/btkhok\/index.php?rest_route=\/wp\/v2\/types\/post"}],"author":[{"embeddable":true,"href":"http:\/\/www.mehok.uni-miskolc.hu\/btkhok\/index.php?rest_route=\/wp\/v2\/users\/1"}],"replies":[{"embeddable":true,"href":"http:\/\/www.mehok.uni-miskolc.hu\/btkhok\/index.php?rest_route=%2Fwp%2Fv2%2Fcomments&post=901"}],"version-history":[{"count":3,"href":"http:\/\/www.mehok.uni-miskolc.hu\/btkhok\/index.php?rest_route=\/wp\/v2\/posts\/901\/revisions"}],"predecessor-version":[{"id":904,"href":"http:\/\/www.mehok.uni-miskolc.hu\/btkhok\/index.php?rest_route=\/wp\/v2\/posts\/901\/revisions\/904"}],"wp:attachment":[{"href":"http:\/\/www.mehok.uni-miskolc.hu\/btkhok\/index.php?rest_route=%2Fwp%2Fv2%2Fmedia&parent=901"}],"wp:term":[{"taxonomy":"category","embeddable":true,"href":"http:\/\/www.mehok.uni-miskolc.hu\/btkhok\/index.php?rest_route=%2Fwp%2Fv2%2Fcategories&post=901"},{"taxonomy":"post_tag","embeddable":true,"href":"http:\/\/www.mehok.uni-miskolc.hu\/btkhok\/index.php?rest_route=%2Fwp%2Fv2%2Ftags&post=901"}],"curies":[{"name":"wp","href":"https:\/\/api.w.org\/{rel}","templated":true}]}}