{"id":717,"date":"2012-09-11T12:34:35","date_gmt":"2012-09-11T10:34:35","guid":{"rendered":"http:\/\/www.mehok.uni-miskolc.hu\/btkhok\/?p=717"},"modified":"2012-09-11T12:34:35","modified_gmt":"2012-09-11T10:34:35","slug":"a-diak-iroda-tanacsado-szolgaltatasa","status":"publish","type":"post","link":"http:\/\/www.mehok.uni-miskolc.hu\/btkhok\/?p=717","title":{"rendered":"A Di\u00e1k Iroda TAN\u00c1CSAD\u00d3-SZOLG\u00c1LTAT\u00c1SA"},"content":{"rendered":"<p>Kedves Hallgat\u00f3!<\/p>\n<p>A Di\u00e1k Iroda INFORR\u00c1S hallgat\u00f3i, inform\u00e1ci\u00f3s, tan\u00e1csad\u00f3 \u00e9s karrier szolg\u00e1ltat\u00e1sai k\u00f6r\u00e9ben a 2012\/2013-as tan\u00e9v I. f\u00e9l\u00e9v\u00e9re ism\u00e9t meghirdeti <em>tan\u00e1csad\u00f3-szolg\u00e1ltat\u00e1sait. <\/em><\/p>\n<p>A <strong>szem\u00e9lyes tan\u00e1csad\u00e1s<\/strong>aink k\u00edn\u00e1lata az elm\u00falt h\u00e1rom \u00e9vben <em>\u00e9letvezet\u00e9si<\/em>, <em>szem\u00e9lyis\u00e9gfejleszt\u00e9si<\/em>, <em>p\u00e1lyaorient\u00e1ci\u00f3s<\/em> \u00e9s <em>karrier tan\u00e1csad\u00e1s<\/em>okkal b\u0151v\u00fclt a fenntart\u00e1si id\u0151szakba \u00e9rkezett \u201eA Miskolci Egyetem m\u0171k\u00f6d\u00e9si folyamatainak meg\u00faj\u00edt\u00e1sa, komplex hallgat\u00f3i \u00e9s int\u00e9zm\u00e9nyi szolg\u00e1ltat\u00e1sfejleszt\u00e9sre alapozva\u201d c\u00edm\u0171 T\u00c1MOP 4.1.1-08\/1-2009-0016. jel\u0171 projektben. A tavalyi \u00e9vben ind\u00edtottuk \u00fatj\u00e1ra a <em>szoci\u00e1lis inform\u00e1ci\u00f3s tan\u00e1csad\u00e1st<\/em> &#8211; melynek keret\u00e9ben<em> <\/em>az egyetemen k\u00edv\u00fcli <em>szoci\u00e1lis ell\u00e1t\u00e1sokr\u00f3l, t\u00e1mogat\u00e1si form\u00e1kr\u00f3l <\/em>k\u00e9rhetsz felvil\u00e1gos\u00edt\u00e1st, tan\u00e1csad\u00e1st a Miskolc MJV\u00d6 Ir\u00e1nyt\u0171 Szoci\u00e1lis Szolg\u00e1lattal k\u00f6t\u00f6tt egy\u00fcttm\u0171k\u00f6d\u00e9si meg\u00e1llapod\u00e1s r\u00e9v\u00e9n -, valamint az egyetemi <em>t\u00e9r\u00edt\u00e9sekkel \u00e9s juttat\u00e1sokkal<\/em> kapcsolatos tan\u00e1csad\u00e1st.<\/p>\n<p>A szem\u00e9lyes tan\u00e1csad\u00e1sok t\u00e9mak\u00f6reit \u00e9s id\u0151pontjait a <a href=\"http:\/\/www.mehok.uni-miskolc.hu\/diakiroda\/tanacsadasok\/szemelyes-tanacsadas\/\">http:\/\/www.mehok.uni-miskolc.hu\/diakiroda\/tanacsadasok\/szemelyes-tanacsadas\/<\/a> link alatt tal\u00e1lhatod meg.<\/p>\n<p>A szem\u00e9lyes tan\u00e1csad\u00e1sok mellett a <a href=\"http:\/\/www.alumni.uni-miskolc.hu\/\"><strong>www.alumni.uni-miskolc.hu<\/strong><\/a> oldalon regisztr\u00e1ci\u00f3t k\u00f6vet\u0151en <strong>online teszteket <\/strong>(munka- szem\u00e9lyis\u00e9g- karakter teszt; munka- \u00e9s karrierter\u00fclet \u00e9rdekl\u0151d\u00e9s vizsg\u00e1l\u00f3 teszt; <a href=\"http:\/\/alumni.uni-miskolc.hu\/hu\/self-knowledge\/3\">megm\u00e9rettet\u00e9s<\/a>; teljes\u00edtm\u00e9ny motiv\u00e1l\u00f3 k\u00e9rd\u0151\u00edv; \u00e9rzelmi intelligencia (amit magamt\u00f3l elv\u00e1rok); <a href=\"http:\/\/alumni.uni-miskolc.hu\/hu\/self-knowledge\/1\">kommunik\u00e1ci\u00f3s k\u00e9szs\u00e9g felm\u00e9r\u00e9se; szem\u00e9lyis\u00e9gk\u00e9p; konfliktusok kezel\u00e9se; megk\u00fczd\u00e9si m\u00f3dok; pszichol\u00f3giai immunrendszer) t<\/a>\u00f6lthetsz ki. A teszteket kit\u00f6lt\u0151k sz\u00e1m\u00e1ra kisebb csoportokban, <strong>\u00e9rt\u00e9kel\u0151 besz\u00e9lget\u00e9s<\/strong>ek keret\u00e9ben is lehet\u0151s\u00e9get biztos\u00edtunk a tesztek eredm\u00e9nyeinek, tanuls\u00e1gainak feldolgoz\u00e1s\u00e1ra.<\/p>\n<p>Az anonim jelleg\u0171 tan\u00e1csad\u00f3 szolg\u00e1ltat\u00e1st t\u00e9r\u00edt\u00e9smentesen, \u2013 a Miskolc MJV\u00d6 Ir\u00e1nyt\u0171 Szoci\u00e1lis Szolg\u00e1lat munkat\u00e1rsai \u00e1ltal tartott szoci\u00e1lis inform\u00e1ci\u00f3s tan\u00e1csad\u00e1s kiv\u00e9tel\u00e9vel \u2013 el\u0151zetes bejelentkez\u00e9s alapj\u00e1n veheted ig\u00e9nybe. A tan\u00e1csad\u00e1sokra szem\u00e9lyesen, telefonon vagy e-mailen tudsz bejelentkezni.<\/p>\n<p>Ha \u00fagy \u00e9rzed, seg\u00edts\u00e9gre lenne sz\u00fcks\u00e9ged, vagy hasznosak lehetnek sz\u00e1modra tan\u00e1csad\u00e1saink, keress minket az al\u00e1bbi el\u00e9rhet\u0151s\u00e9geken:<\/p>\n<p>Di\u00e1k Iroda \u2013 INFORR\u00c1S inform\u00e1ci\u00f3s-, tan\u00e1csad\u00f3- \u00e9s karrier-szolg\u00e1ltat\u00e1sok; A\/1 mfsz. 7.<\/p>\n<p>Tel.: <strong>46\/565-368<\/strong>, egyetemi mell\u00e9k: <strong>29-54<\/strong>, fax: <strong>46\/364-878<\/strong><\/p>\n<p>e-mail: <a href=\"mailto:diakinfo@uni-miskolc.hu\"><strong>diakinfo@uni-miskolc.hu<\/strong><\/a><strong> <\/strong><\/p>\n<p>web:<strong> <\/strong><a href=\"http:\/\/www.uni-miskolc.hu\/diakiroda\"><strong>www.uni-miskolc.hu\/diakiroda<\/strong><\/a><strong>, <\/strong><a href=\"http:\/\/www.alumni.uni-miskolc.hu\/\"><strong>www.alumni.uni-miskolc.hu<\/strong><\/a><\/p>\n<p>\u00dcdv\u00f6zlettel:<\/p>\n<p>dr. Herpai G\u00e1bor<\/p>\n<p>irodavezet\u0151<\/p>\n<p>Miskolc, 2012. szeptember 11.<\/p>\n<h2 style=\"text-align: center;\"><a href=\"http:\/\/www.mehok.uni-miskolc.hu\/btkhok\/wp-content\/uploads\/2012\/09\/tanacsadas_2012_2013_I.doc\">R\u00c9SZLETES ISMERTET\u0150 (DOC)<\/a><\/h2>\n","protected":false},"excerpt":{"rendered":"<p>Kedves Hallgat\u00f3! A Di\u00e1k Iroda INFORR\u00c1S hallgat\u00f3i, inform\u00e1ci\u00f3s, tan\u00e1csad\u00f3 \u00e9s karrier szolg\u00e1ltat\u00e1sai k\u00f6r\u00e9ben a 2012\/2013-as tan\u00e9v I. f\u00e9l\u00e9v\u00e9re ism\u00e9t meghirdeti tan\u00e1csad\u00f3-szolg\u00e1ltat\u00e1sait. A szem\u00e9lyes tan\u00e1csad\u00e1saink k\u00edn\u00e1lata az elm\u00falt h\u00e1rom \u00e9vben \u00e9letvezet\u00e9si, szem\u00e9lyis\u00e9gfejleszt\u00e9si, p\u00e1lyaorient\u00e1ci\u00f3s \u00e9s karrier tan\u00e1csad\u00e1sokkal b\u0151v\u00fclt a fenntart\u00e1si id\u0151szakba \u00e9rkezett \u201eA Miskolci Egyetem m\u0171k\u00f6d\u00e9si folyamatainak meg\u00faj\u00edt\u00e1sa, komplex hallgat\u00f3i \u00e9s int\u00e9zm\u00e9nyi szolg\u00e1ltat\u00e1sfejleszt\u00e9sre alapozva\u201d c\u00edm\u0171 T\u00c1MOP 4.1.1-08\/1-2009-0016.&hellip;<\/p>\n","protected":false},"author":1,"featured_media":0,"comment_status":"open","ping_status":"open","sticky":false,"template":"","format":"standard","meta":[],"categories":[7,11],"tags":[],"_links":{"self":[{"href":"http:\/\/www.mehok.uni-miskolc.hu\/btkhok\/index.php?rest_route=\/wp\/v2\/posts\/717"}],"collection":[{"href":"http:\/\/www.mehok.uni-miskolc.hu\/btkhok\/index.php?rest_route=\/wp\/v2\/posts"}],"about":[{"href":"http:\/\/www.mehok.uni-miskolc.hu\/btkhok\/index.php?rest_route=\/wp\/v2\/types\/post"}],"author":[{"embeddable":true,"href":"http:\/\/www.mehok.uni-miskolc.hu\/btkhok\/index.php?rest_route=\/wp\/v2\/users\/1"}],"replies":[{"embeddable":true,"href":"http:\/\/www.mehok.uni-miskolc.hu\/btkhok\/index.php?rest_route=%2Fwp%2Fv2%2Fcomments&post=717"}],"version-history":[{"count":2,"href":"http:\/\/www.mehok.uni-miskolc.hu\/btkhok\/index.php?rest_route=\/wp\/v2\/posts\/717\/revisions"}],"predecessor-version":[{"id":720,"href":"http:\/\/www.mehok.uni-miskolc.hu\/btkhok\/index.php?rest_route=\/wp\/v2\/posts\/717\/revisions\/720"}],"wp:attachment":[{"href":"http:\/\/www.mehok.uni-miskolc.hu\/btkhok\/index.php?rest_route=%2Fwp%2Fv2%2Fmedia&parent=717"}],"wp:term":[{"taxonomy":"category","embeddable":true,"href":"http:\/\/www.mehok.uni-miskolc.hu\/btkhok\/index.php?rest_route=%2Fwp%2Fv2%2Fcategories&post=717"},{"taxonomy":"post_tag","embeddable":true,"href":"http:\/\/www.mehok.uni-miskolc.hu\/btkhok\/index.php?rest_route=%2Fwp%2Fv2%2Ftags&post=717"}],"curies":[{"name":"wp","href":"https:\/\/api.w.org\/{rel}","templated":true}]}}