{"id":60,"date":"2011-03-26T16:51:36","date_gmt":"2011-03-26T15:51:36","guid":{"rendered":"http:\/\/www.mehok.uni-miskolc.hu\/btkhok\/?p=60"},"modified":"2011-03-26T16:51:36","modified_gmt":"2011-03-26T15:51:36","slug":"az-artemisszio-alapitvany-kepzesi-felhivasa","status":"publish","type":"post","link":"http:\/\/www.mehok.uni-miskolc.hu\/btkhok\/?p=60","title":{"rendered":"Az Artemisszi\u00f3 Alap\u00edtv\u00e1ny k\u00e9pz\u00e9si felh\u00edv\u00e1sa"},"content":{"rendered":"<p><strong>Kedves \u00c9rdekl\u0151d\u0151!<\/strong><br \/>\n<strong> <\/strong><\/p>\n<p>Az Artemisszi\u00f3 Alap\u00edtv\u00e1ny <strong>Innovat\u00edv M\u00f3dszertani  k\u00e9pz\u00e9sek seg\u00edt\u0151 szakembereknek <\/strong>c\u00edmmel megval\u00f3sul\u00f3 projektje keret\u00e9ben az  al\u00e1bbi n\u00e9gy k\u00e9pz\u00e9st szervezi a bev\u00e1ndorl\u00f3kkal jelenleg, illetve a j\u00f6v\u0151ben  foglalkoz\u00f3, foglalkozni k\u00edv\u00e1n\u00f3, a szoci\u00e1lis ter\u00fcleten dolgoz\u00f3, illetve tanul\u00f3  szakemberek \u00e9s leend\u0151 szakemberek sz\u00e1m\u00e1ra.<\/p>\n<p><!--more--><\/p>\n<p><strong>1. Digit\u00e1lis \u00c9letp\u00e1lya T\u00e9rk\u00e9p \u2013  kompetencia beazonos\u00edt\u00e1s\u00e1ra \u00e9s fejleszt\u00e9si terv k\u00e9sz\u00edt\u00e9s\u00e9re szolg\u00e1l\u00f3  eszk\u00f6z<\/strong>, szak\u00e9rt\u0151i  k\u00e9pz\u00e9ssorozat<\/p>\n<p><strong>2. Mentori k\u00e9pess\u00e9gek fejleszt\u00e9se a  szoci\u00e1lis szf\u00e9r\u00e1ban<\/strong> c.  k\u00e9pz\u00e9s<\/p>\n<p><strong>3. \u00d6nk\u00e9ntess\u00e9g, mint integr\u00e1ci\u00f3s  eszk\u00f6z<\/strong> c. k\u00e9pz\u00e9s<\/p>\n<p><strong>4. Interkultur\u00e1lis k\u00e9pz\u00e9s <\/strong><\/p>\n<ul>\n<li><em>A k\u00e9pz\u00e9sek 2111. \u00e9v  sor\u00e1n, k\u00fcl\u00f6nb\u00f6z\u0151 id\u0151pontokban zajlanak. <\/em><\/li>\n<li><em>A jelentkez\u00e9seket a  k\u00e9pz\u00e9sek megval\u00f3sul\u00e1s el\u0151tti 8-10 nappal bez\u00e1r\u00f3lag fogadjuk<\/em><\/li>\n<li><em>A k\u00e9pz\u00e9seken a  r\u00e9sztvev\u0151k sz\u00e1ma korl\u00e1tozott <\/em><\/li>\n<li><em>A k\u00e9pz\u00e9sek  ingyenesek<\/em><\/li>\n<li><em>A r\u00e9sztvev\u0151k sz\u00e1m\u00e1ra  a k\u00e9pz\u00e9si napokon az \u00e9tkez\u00e9s biztos\u00edtott, vid\u00e9ki r\u00e9sztvev\u0151k (Budapesti  helysz\u00ednen vid\u00e9ki lakos\u00fa r\u00e9sztvev\u0151k, vid\u00e9ki helysz\u00ednen m\u00e1s telep\u00fcl\u00e9sen lak\u00f3  r\u00e9sztvev\u0151k) sz\u00e1m\u00e1ra \u00fatik\u00f6lts\u00e9g-t\u00e9r\u00edt\u00e9st biztos\u00edtunk.<\/em><\/li>\n<\/ul>\n<p><strong><em>K\u00e9pz\u00e9sekr\u0151l b\u0151vebben:<\/em><\/strong><\/p>\n<p><strong> <\/strong><\/p>\n<p><strong> <\/strong><\/p>\n<p><strong>1. Digit\u00e1lis \u00c9letp\u00e1lya T\u00e9rk\u00e9p \u2013  kompetencia beazonos\u00edt\u00e1s\u00e1ra \u00e9s fejleszt\u00e9si terv k\u00e9sz\u00edt\u00e9s\u00e9re szolg\u00e1l\u00f3  eszk\u00f6z<\/strong>, szak\u00e9rt\u0151i  k\u00e9pz\u00e9ssorozat<\/p>\n<p>a  k\u00e9pz\u00e9ssorozat:<\/p>\n<p><strong>D\u00c9T Alapoz\u00f3  k\u00e9pz\u00e9s<\/strong> (D\u00c9T1k\u00e9pz\u00e9s)<\/p>\n<p>(4 nap: 2+1+1)<\/p>\n<p>Id\u0151pont:  \u00a0\u00a0\u00a0 2011. m\u00e1rcius 3.-4. m\u00e1rcius 11. \u00e9s 22.<br \/>\nhelysz\u00edn: Budapesti  sz\u00e1m\u00edt\u00f3g\u00e9pes terem<br \/>\nakkredit\u00e1lt k\u00e9pz\u00e9s  (FAT, 01-0724-06 sz\u00e1m)<br \/>\n<strong>D\u00c9T szakmai  gyakorlat alapoz\u00f3 k\u00e9pz\u00e9sben r\u00e9szt vettek sz\u00e1m\u00e1ra <\/strong>(D\u00c9T2 k\u00e9pz\u00e9s)*<\/p>\n<p>id\u0151pont: 2011.  \u00e1prilis-augusztus (egy\u00e9nileg v\u00e1laszthat\u00f3 id\u0151pontokban, minimum 4  alkalom\/f\u0151)<br \/>\nhelysz\u00edn:egy\u00e9ni  megbesz\u00e9l\u00e9s alapj\u00e1n<\/p>\n<p><strong>D\u00c9T K\u00e9pz\u00e9s halap\u00f3knak<\/strong> (3 nap: 2+1  nap)<\/p>\n<p>(D\u00c9T3 k\u00e9pz\u00e9s)<br \/>\nid\u0151pont: szeptember  8-9. \u00e9s szeptember 16.<br \/>\nhelysz\u00edn: Budapesti sz\u00e1m\u00edt\u00f3g\u00e9pes  terem<\/p>\n<p><strong>D\u00c9T szakmai gyakorlat  halad\u00f3 k\u00e9pz\u00e9sben r\u00e9szt vettek sz\u00e1m\u00e1ra<\/strong><\/p>\n<p>(D\u00c9T4 k\u00e9pz\u00e9s)<\/p>\n<p><strong><br \/>\n<\/strong>id\u0151pont: 2011. okt\u00f3ber &#8211; december (egy\u00e9nileg  v\u00e1laszthat\u00f3 id\u0151pontokban, minimum 4 alkalom\/f\u0151)<\/p>\n<p>helysz\u00edn:egy\u00e9ni  megbesz\u00e9l\u00e9s alapj\u00e1n<br \/>\nA k\u00e9pz\u00e9sr\u0151l b\u0151vebb  t\u00e1j\u00e9koztat\u00f3 anyag, illetve a k\u00e9pz\u00e9shez tartoz\u00f3 jelentkez\u00e9si lap 2011. 02.18-t\u00f3l  a <a href=\"http:\/\/www.artemisszio.hu\/\" target=\"_blank\">www.artemisszio.hu<\/a> honlapon tal\u00e1lhat\u00f3<\/p>\n<p><strong>2. Mentori k\u00e9pess\u00e9gek fejleszt\u00e9se a  szoci\u00e1lis szf\u00e9r\u00e1ban<\/strong> c.  k\u00e9pz\u00e9s<\/p>\n<p>5 napos (3+2 nap),  akkredit\u00e1lt k\u00e9pz\u00e9s<br \/>\nk\u00e9pz\u00e9si akkredit\u00e1ci\u00f3s lajstromsz\u00e1m: PLB-0132<br \/>\nNSZFI  enged\u00e9lysz\u00e1m: S-05-123\/2009, pont\u00e9rt\u00e9k: 25<br \/>\nA k\u00e9pz\u00e9s bentlak\u00e1sos form\u00e1ban  ker\u00fcl megval\u00f3s\u00edt\u00e1sra, Budapest k\u00f6zeli helysz\u00ednen<\/p>\n<p>Id\u0151pont: 2011. okt\u00f3ber  5-7. \u00e9s 13-14.<\/p>\n<p><strong>3. \u00d6nk\u00e9ntess\u00e9g, mint integr\u00e1ci\u00f3s  eszk\u00f6z<\/strong> c. k\u00e9pz\u00e9s<\/p>\n<p>3 napos (1+1+1), akkredit\u00e1lt k\u00e9pz\u00e9s<\/p>\n<p>k\u00e9pz\u00e9si akkredit\u00e1ci\u00f3s lajstromsz\u00e1m:  PLB-0131<\/p>\n<p>NSZFI enged\u00e9lysz\u00e1m: S-05-120\/2009, pont\u00e9rt\u00e9k:  25<\/p>\n<p>Helysz\u00edn: Budapest, nem bentlak\u00e1sos<\/p>\n<p>Id\u0151pont: j\u00fanius 22-24.<\/p>\n<p><strong>4. Interkultur\u00e1lis k\u00e9pz\u00e9s <\/strong><\/p>\n<p>(Kommunik\u00e1ci\u00f3s \u00e9s konfliktuskezel\u00e9si  k\u00e9szs\u00e9gfejleszt\u00e9si tr\u00e9ning interkultur\u00e1lis k\u00f6rnyezetben dolgoz\u00f3 szoci\u00e1lis  szakembereknek c. k\u00e9pz\u00e9s.)<\/p>\n<p>6 napos (2+2+2 nap), akkredit\u00e1lt k\u00e9pz\u00e9s<\/p>\n<p>K\u00e9pz\u00e9si id\u0151pont: 2011. okt\u00f3ber \/ november (k\u00e9pz\u00e9si  id\u0151pont v\u00e9gleges\u00edt\u00e9se folyamatban van)<\/p>\n<p>k\u00e9pz\u00e9si akkredit\u00e1ci\u00f3s lajstromsz\u00e1m:  PLB-0386<\/p>\n<p>OKM: 3\/107\/2007, 60 pont<\/p>\n<p>A k\u00e9pz\u00e9s bentlak\u00e1sos form\u00e1ban val\u00f3sul meg, Budapest  k\u00f6zeli helysz\u00ednen.<\/p>\n<p>Jelentkez\u00e9si lap let\u00f6lthet\u0151 a <a href=\"http:\/\/www.artemisszio.hu\/\" target=\"_blank\">www.artemisszio.hu<\/a> honlapr\u00f3l az <strong>Innovat\u00edv M\u00f3dszertani k\u00e9pz\u00e9sek seg\u00edt\u0151 szakembereknek  h\u00edrblokkban<\/strong>.<\/p>\n","protected":false},"excerpt":{"rendered":"<p>Kedves \u00c9rdekl\u0151d\u0151! Az Artemisszi\u00f3 Alap\u00edtv\u00e1ny Innovat\u00edv M\u00f3dszertani k\u00e9pz\u00e9sek seg\u00edt\u0151 szakembereknek c\u00edmmel megval\u00f3sul\u00f3 projektje keret\u00e9ben az al\u00e1bbi n\u00e9gy k\u00e9pz\u00e9st szervezi a bev\u00e1ndorl\u00f3kkal jelenleg, illetve a j\u00f6v\u0151ben foglalkoz\u00f3, foglalkozni k\u00edv\u00e1n\u00f3, a szoci\u00e1lis ter\u00fcleten dolgoz\u00f3, illetve tanul\u00f3 szakemberek \u00e9s leend\u0151 szakemberek sz\u00e1m\u00e1ra.<\/p>\n","protected":false},"author":1,"featured_media":0,"comment_status":"open","ping_status":"open","sticky":false,"template":"","format":"standard","meta":[],"categories":[11],"tags":[],"_links":{"self":[{"href":"http:\/\/www.mehok.uni-miskolc.hu\/btkhok\/index.php?rest_route=\/wp\/v2\/posts\/60"}],"collection":[{"href":"http:\/\/www.mehok.uni-miskolc.hu\/btkhok\/index.php?rest_route=\/wp\/v2\/posts"}],"about":[{"href":"http:\/\/www.mehok.uni-miskolc.hu\/btkhok\/index.php?rest_route=\/wp\/v2\/types\/post"}],"author":[{"embeddable":true,"href":"http:\/\/www.mehok.uni-miskolc.hu\/btkhok\/index.php?rest_route=\/wp\/v2\/users\/1"}],"replies":[{"embeddable":true,"href":"http:\/\/www.mehok.uni-miskolc.hu\/btkhok\/index.php?rest_route=%2Fwp%2Fv2%2Fcomments&post=60"}],"version-history":[{"count":3,"href":"http:\/\/www.mehok.uni-miskolc.hu\/btkhok\/index.php?rest_route=\/wp\/v2\/posts\/60\/revisions"}],"predecessor-version":[{"id":63,"href":"http:\/\/www.mehok.uni-miskolc.hu\/btkhok\/index.php?rest_route=\/wp\/v2\/posts\/60\/revisions\/63"}],"wp:attachment":[{"href":"http:\/\/www.mehok.uni-miskolc.hu\/btkhok\/index.php?rest_route=%2Fwp%2Fv2%2Fmedia&parent=60"}],"wp:term":[{"taxonomy":"category","embeddable":true,"href":"http:\/\/www.mehok.uni-miskolc.hu\/btkhok\/index.php?rest_route=%2Fwp%2Fv2%2Fcategories&post=60"},{"taxonomy":"post_tag","embeddable":true,"href":"http:\/\/www.mehok.uni-miskolc.hu\/btkhok\/index.php?rest_route=%2Fwp%2Fv2%2Ftags&post=60"}],"curies":[{"name":"wp","href":"https:\/\/api.w.org\/{rel}","templated":true}]}}