{"id":563,"date":"2012-02-23T20:55:28","date_gmt":"2012-02-23T19:55:28","guid":{"rendered":"http:\/\/www.mehok.uni-miskolc.hu\/btkhok\/?p=563"},"modified":"2012-02-23T20:55:41","modified_gmt":"2012-02-23T19:55:41","slug":"orszagos-felsooktatasi-verado-verseny","status":"publish","type":"post","link":"http:\/\/www.mehok.uni-miskolc.hu\/btkhok\/?p=563","title":{"rendered":"Orsz\u00e1gos Fels\u0151oktat\u00e1si V\u00e9rad\u00f3 Verseny"},"content":{"rendered":"<blockquote style=\"text-align: justify;\">\n<div>\n<div>Kedves Bar\u00e1taink!<\/p>\n<p>Eredm\u00e9nyes \u0151szi f\u00e9l\u00e9vet z\u00e1rt az Orsz\u00e1gos Fels\u0151oktat\u00e1si v\u00e9rad\u00f3verseny! Szeptember \u00e9s december k\u00f6z\u00f6tt, a nemes megm\u00e9rettet\u00e9s keretein bel\u00fcl<strong>: 7460<\/strong> v\u00e9rad\u00f3 ny\u00fajtotta seg\u00edt\u0151 karj\u00e1t, ebb\u0151l\u00a0<strong>6671<\/strong> f\u0151 volt a nappali tagozatos hallgat\u00f3, az \u00faj v\u00e9rad\u00f3k sz\u00e1ma pedig\u00a0<strong>2143<\/strong> f\u0151 volt. K\u00f6sz\u00f6nj\u00fck, hogy ilyen sokan d\u00f6nt\u00f6ttek \u00fagy, hogy r\u00e9szt vesznek a t\u00e1rsadalmi felel\u0151ss\u00e9gv\u00e1llal\u00e1s egyik legszebb \u00e9s legfontosabb form\u00e1j\u00e1ban! B\u00edzunk benne, hogy tov\u00e1bbra is\u00a0 is ilyen akt\u00edvak lesznek a hallgat\u00f3k, hiszen m\u00e1r jav\u00e1ban d\u00fcb\u00f6r\u00f6gnek a tavaszi f\u00e9l\u00e9v v\u00e9rad\u00e1sai. Csak febru\u00e1rban 38 helyen v\u00e1rjuk a di\u00e1kokat v\u00e9rad\u00e1sra.<\/p>\n<\/div>\n<div>\n<p><strong><span style=\"text-decoration: underline;\"><!--more-->T\u00e1mogat\u00f3ink: Di\u00e1kHitel Zrt., Borsodi S\u00f6rgy\u00e1r Zrt., Knorr (Unilever Magyarorsz\u00e1g Kft.) \u00e9s a Szentkir\u00e1lyi \u00c1sv\u00e1nyv\u00edz Kft.<\/span><\/strong><\/p>\n<p>A nemes cselekedet\u00e9rt a\u00a0<em>Knorr<\/em> j\u00f3volt\u00e1b\u00f3l kr\u00e9mlevessel, a\u00a0<em>Borsodi<\/em> j\u00f3volt\u00e1b\u00f3l pedig b\u00fazas\u00f6rrel kedvesked\u00fcnk. T\u00e1mogat\u00f3ink k\u00f6re tov\u00e1bb b\u0151v\u00fclt, m\u00e1rciust\u00f3l a<em> Szentkir\u00e1lyi<\/em> j\u00f3volt\u00e1b\u00f3l m\u00e1r 0,5literes \u00e1sv\u00e1nyvizet is adunk majd a v\u00e9rad\u00f3knak. A verseny f\u0151t\u00e1mogat\u00f3ja a\u00a0<em>Di\u00e1kHitel Zrt<\/em>., az \u0151 t\u00e1mogat\u00e1suk seg\u00edts\u00e9g\u00e9vel k\u00e9sz\u00fclhettek el a verseny plak\u00e1tjai, sz\u00f3r\u00f3lapja, valamint az OFV Facebook oldala is.<\/p>\n<p><span style=\"text-decoration: underline;\"><strong>K\u00edv\u00e1ncsi vagy a verseny \u00e1ll\u00e1s\u00e1ra? &#8211; Ir\u00e1ny a Facebook!<\/strong><\/span><\/p>\n<p>Az\u00a0<strong>Orsz\u00e1gos Fels\u0151oktat\u00e1si V\u00e9rad\u00f3verseny Facebook oldal\u00e1n<\/strong> minden a versenyben r\u00e9szvev\u0151 fels\u0151oktat\u00e1si int\u00e9zm\u00e9ny v\u00e9rad\u00f3id\u0151pontjai, helysz\u00ednei szerepelnek, s\u0151t a verseny \u00e1ll\u00e1sa is megtekinthet\u0151 kateg\u00f3ri\u00e1nk\u00e9nt. K\u00edv\u00e1ncsi vagy a verseny \u00e1ll\u00e1s\u00e1ra? Likeold a verseny FB-oldal\u00e1t<a href=\"http:\/\/www.facebook.com\/veradoverseny\" target=\"_blank\"> http:\/\/www.facebook.com\/veradoverseny<\/a>, csatlakozz hozz\u00e1nk \u00e9s buzd\u00edtsd erre iskol\u00e1d di\u00e1kjait az int\u00e9zm\u00e9ny FB oldal\u00e1n, a Neptunban, ETR-ben, az iskola\u00fajs\u00e1gban, r\u00e1di\u00f3ban, stb&#8230;<\/p>\n<p><span style=\"text-decoration: underline;\"><strong>Fot\u00f3zz \u00e9s t\u00f6ltsd fel a verseny Facebook oldal\u00e1ra!<\/strong><\/span><\/p>\n<p>Rendszeres v\u00e9rtad\u00f3 vagy, esetleg most sz\u00e1ntad magad r\u00e1 el\u0151sz\u00f6r? K\u00e9sz\u00edts fot\u00f3kat a v\u00e9rad\u00e1sr\u00f3l \u00e9s t\u00f6ltsd fel a verseny FB-oldal\u00e1ra vagy k\u00fcldd el a\u00a0<a href=\"mailto:sajto@voroskereszt.hu\" target=\"_blank\">sajto@voroskereszt.hu<\/a> e-mailc\u00edmre!<\/p>\n<p><span style=\"text-decoration: underline;\"><strong>Unod m\u00e1r a t\u00f6megk\u00f6zleked\u00e9st? Pattanj bring\u00e1ra!<\/strong><\/span><\/p>\n<p>A Facebook oldalunkon regisztr\u00e1l\u00f3k k\u00f6z\u00f6tt egy\u00a0<strong>Gepida ker\u00e9kp\u00e1r<\/strong>t sorsolunk ki j\u00faniusban a\u00a0<em>Di\u00e1kHitel Zrt<\/em>. j\u00f3volt\u00e1b\u00f3l! Ugyanilyen ker\u00e9kp\u00e1r boldog tulajdonosa lehet az a di\u00e1k is, aki a v\u00e9rad\u00e1sok alkalm\u00e1val osztogatott sz\u00f3r\u00f3lapokon tal\u00e1lhat\u00f3 nyerem\u00e9nyszelv\u00e9nyt kit\u00f6ltve odaadja a Magyar V\u00f6r\u00f6skereszt munkat\u00e1rs\u00e1nak (vagy ahol az Orsz\u00e1gos V\u00e9rell\u00e1t\u00f3 Szolg\u00e1lat szervezi csak a v\u00e9rad\u00e1st, ott az OVSZ-es koll\u00e9g\u00e1nak). A bring\u00e1kat j\u00fanius 14-\u00e9n sorsoljuk ki a verseny eredm\u00e9nyhirdet\u00e9sekor.<\/p>\n<p>Mell\u00e9kelten k\u00fcldj\u00fck a verseny plak\u00e1tj\u00e1t tov\u00e1bbi felhaszn\u00e1l\u00e1sra.<\/p>\n<p>Sok sikert k\u00edv\u00e1nunk a versenyhez! V\u00e9rfriss\u00edt\u00e9sre fel! \ud83d\ude42<\/p>\n<\/div>\n<\/div>\n<\/blockquote>\n","protected":false},"excerpt":{"rendered":"<p>Kedves Bar\u00e1taink! Eredm\u00e9nyes \u0151szi f\u00e9l\u00e9vet z\u00e1rt az Orsz\u00e1gos Fels\u0151oktat\u00e1si v\u00e9rad\u00f3verseny! Szeptember \u00e9s december k\u00f6z\u00f6tt, a nemes megm\u00e9rettet\u00e9s keretein bel\u00fcl: 7460 v\u00e9rad\u00f3 ny\u00fajtotta seg\u00edt\u0151 karj\u00e1t, ebb\u0151l\u00a06671 f\u0151 volt a nappali tagozatos hallgat\u00f3, az \u00faj v\u00e9rad\u00f3k sz\u00e1ma pedig\u00a02143 f\u0151 volt. K\u00f6sz\u00f6nj\u00fck, hogy ilyen sokan d\u00f6nt\u00f6ttek \u00fagy, hogy r\u00e9szt vesznek a t\u00e1rsadalmi felel\u0151ss\u00e9gv\u00e1llal\u00e1s egyik legszebb \u00e9s legfontosabb form\u00e1j\u00e1ban!&hellip;<\/p>\n","protected":false},"author":1,"featured_media":0,"comment_status":"open","ping_status":"open","sticky":false,"template":"","format":"standard","meta":[],"categories":[7],"tags":[],"_links":{"self":[{"href":"http:\/\/www.mehok.uni-miskolc.hu\/btkhok\/index.php?rest_route=\/wp\/v2\/posts\/563"}],"collection":[{"href":"http:\/\/www.mehok.uni-miskolc.hu\/btkhok\/index.php?rest_route=\/wp\/v2\/posts"}],"about":[{"href":"http:\/\/www.mehok.uni-miskolc.hu\/btkhok\/index.php?rest_route=\/wp\/v2\/types\/post"}],"author":[{"embeddable":true,"href":"http:\/\/www.mehok.uni-miskolc.hu\/btkhok\/index.php?rest_route=\/wp\/v2\/users\/1"}],"replies":[{"embeddable":true,"href":"http:\/\/www.mehok.uni-miskolc.hu\/btkhok\/index.php?rest_route=%2Fwp%2Fv2%2Fcomments&post=563"}],"version-history":[{"count":2,"href":"http:\/\/www.mehok.uni-miskolc.hu\/btkhok\/index.php?rest_route=\/wp\/v2\/posts\/563\/revisions"}],"predecessor-version":[{"id":565,"href":"http:\/\/www.mehok.uni-miskolc.hu\/btkhok\/index.php?rest_route=\/wp\/v2\/posts\/563\/revisions\/565"}],"wp:attachment":[{"href":"http:\/\/www.mehok.uni-miskolc.hu\/btkhok\/index.php?rest_route=%2Fwp%2Fv2%2Fmedia&parent=563"}],"wp:term":[{"taxonomy":"category","embeddable":true,"href":"http:\/\/www.mehok.uni-miskolc.hu\/btkhok\/index.php?rest_route=%2Fwp%2Fv2%2Fcategories&post=563"},{"taxonomy":"post_tag","embeddable":true,"href":"http:\/\/www.mehok.uni-miskolc.hu\/btkhok\/index.php?rest_route=%2Fwp%2Fv2%2Ftags&post=563"}],"curies":[{"name":"wp","href":"https:\/\/api.w.org\/{rel}","templated":true}]}}