{"id":560,"date":"2012-02-23T20:53:36","date_gmt":"2012-02-23T19:53:36","guid":{"rendered":"http:\/\/www.mehok.uni-miskolc.hu\/btkhok\/?p=560"},"modified":"2012-02-23T20:53:36","modified_gmt":"2012-02-23T19:53:36","slug":"a-new-york-i-amerikai-magyar-konyvtar-gyakornoki-palyazata","status":"publish","type":"post","link":"http:\/\/www.mehok.uni-miskolc.hu\/btkhok\/?p=560","title":{"rendered":"A New York-i Amerikai Magyar K\u00f6nyvt\u00e1r gyakornoki p\u00e1ly\u00e1zata"},"content":{"rendered":"<p style=\"text-align: justify;\"><span style=\"font-family: Times New Roman; font-size: small;\">A New York-i sz\u00e9khely<\/span><span style=\"font-family: Times New Roman CE; font-size: small;\">\u0171<\/span><span style=\"font-family: Times New Roman; font-size: small;\"> <\/span><span style=\"font-family: Times New Roman; color: #800080; font-size: small;\"><strong>Amerikai Magyar K\u00f6nyvt\u00e1r \u00e9s T\u00f6rt\u00e9nelmi T\u00e1rsulat<\/strong><\/span><span style=\"font-family: Times New Roman; font-size: small;\"> <em>kultur\u00e1lis menedzsment, non-profit szervez\u00e9s, n\u00e9pm<\/em><\/span><span style=\"font-family: Times New Roman CE; font-size: small;\"><em>\u0171<\/em><\/span><span style=\"font-family: Times New Roman; font-size: small;\"><em>vel\u00e9s<\/em><\/span><span style=\"font-family: Times New Roman; color: #ff0000; font-size: small;\"> <\/span><span style=\"font-family: Times New Roman; font-size: small;\">ir\u00e1nt \u00e9rdekl<\/span><span style=\"font-family: Times New Roman CE; font-size: small;\">\u0151<\/span><span style=\"font-family: Times New Roman; font-size: small;\">d<\/span><span style=\"font-family: Times New Roman CE; font-size: small;\">\u0151<\/span><span style=\"font-family: Times New Roman; font-size: small;\">, angolul fels<\/span><span style=\"font-family: Times New Roman CE; font-size: small;\">\u0151<\/span><span style=\"font-family: Times New Roman; font-size: small;\">szintenbesz\u00e9l<\/span><span style=\"font-family: Times New Roman CE; font-size: small;\">\u0151<\/span><span style=\"font-family: Times New Roman; font-size: small;\"> gyakornokot keres. Az \u00f6szt\u00f6nd\u00edjprogramot a\u00a0<strong>Magyar-Amerikai V\u00e1llalkoz\u00e1si \u00d6szt\u00f6nd\u00edj Alappal<\/strong> (<\/span><a href=\"http:\/\/www.haesf.org\/\" target=\"_blank\"><span style=\"font-family: Times New Roman; color: #0000ff; font-size: small;\"><span style=\"text-decoration: underline;\">HAESF<\/span><\/span><\/a><span style=\"font-family: Times New Roman; font-size: small;\">) partners\u00e9gben val\u00f3s\u00edtjuk meg.<\/span><\/p>\n<p style=\"text-align: justify;\"><!--more--><span style=\"font-family: Times New Roman; font-size: small;\"><br \/>\n<strong>Kik jelentkezhetnek?<\/strong><\/span><\/p>\n<ul style=\"text-align: justify;\" type=\"DISC\">\n<li><span style=\"font-family: Times New Roman; font-size: small;\">egyetemi vagy f<\/span><span style=\"font-family: Times New Roman CE; font-size: small;\">\u0151<\/span><span style=\"font-family: Times New Roman; font-size: small;\">iskolai hallgat\u00f3k, akik az 5 vagy 3+2 \u00e9ves k\u00e9pz\u00e9sb<\/span><span style=\"font-family: Times New Roman CE; font-size: small;\">\u0151<\/span><span style=\"font-family: Times New Roman; font-size: small;\">l m\u00e1r legal\u00e1bb 3 \u00e9vet elv\u00e9geztek, \u00e9s jelenleg is ugyanazon a szakter\u00fcleten folytatj\u00e1k tanulm\u00e1nyaikat;<\/span><\/li>\n<li><span style=\"font-family: Times New Roman; font-size: small;\">diplom\u00e1s fiatalok, akik az 5 \u00e9ves egyetemi tanulm\u00e1nyaikat vagy a mesterszakos k\u00e9pz\u00e9st 2011. okt\u00f3ber 1. ut\u00e1n fejezt\u00e9k be;<\/span><\/li>\n<li><span style=\"font-family: Times New Roman; font-size: small;\">olyan PhD-hallgat\u00f3k, akik PhD-tanulm\u00e1nyaikat maximum egy \u00e9vvel el<\/span><span style=\"font-family: Times New Roman CE; font-size: small;\">\u0151<\/span><span style=\"font-family: Times New Roman; font-size: small;\">z<\/span><span style=\"font-family: Times New Roman CE; font-size: small;\">\u0151<\/span><span style=\"font-family: Times New Roman; font-size: small;\"> tanulm\u00e1nyaik befejez\u00e9se ut\u00e1n kezdt\u00e9k el;<\/span><\/li>\n<\/ul>\n<p style=\"text-align: justify;\"><span style=\"font-family: Times New Roman; font-size: small;\">Tov\u00e1bbi inform\u00e1ci\u00f3k a HAESF felt<\/span><span style=\"font-family: Times New Roman CE; font-size: small;\">\u00e9teleir\u0151l<\/span><span style=\"font-family: Times New Roman; font-size: small;\">:\u00a0<a href=\"http:\/\/haesf.org\/professional\/eligibility.html\" target=\"_blank\">http:\/\/haesf.org\/professional\/eligibility.html<\/a><\/span><\/p>\n<p style=\"text-align: justify;\"><span style=\"font-family: Times New Roman; font-size: small;\">A programra olyan magyarorsz\u00e1gi \u00e1lland\u00f3 lakhellyel rendelkez<\/span><span style=\"font-family: Times New Roman CE; font-size: small;\">\u0151<\/span><span style=\"font-family: Times New Roman; font-size: small;\"> magyar \u00e1llampolg\u00e1rs\u00e1g\u00fa fiatalok jelentkez\u00e9s\u00e9t v\u00e1rjuk, akik 6-12 h\u00f3napra el tudj\u00e1k k\u00f6telezni magukat, \u00e9s v\u00e1llalj\u00e1k, hogy a New York-i gyakornoks\u00e1g ut\u00e1n 3 \u00e9vet Magyarorsz\u00e1gon t\u00f6ltenek. Pozit\u00edv d\u00f6nt\u00e9s eset\u00e9n a gyakornoki munk\u00e1t 2012 okt\u00f3bere \u00e9s decembere k\u00f6zt kell elkezdeni.<\/span><\/p>\n<p style=\"text-align: justify;\"><span style=\"font-family: Times New Roman; color: #800080; font-size: small;\"><strong>Nem elv\u00e1r\u00e1s <\/strong><\/span><span style=\"font-family: Times New Roman; font-size: small;\"><strong>a k\u00f6nyvt\u00e1rosi tanulm\u00e1ny, v\u00e9gzetts\u00e9g vagy tapasztalat, de el<\/strong><\/span><span style=\"font-family: Times New Roman CE; font-size: small;\"><strong>\u0151<\/strong><\/span><span style=\"font-family: Times New Roman; font-size: small;\"><strong>nyt jelent.<\/strong><\/span><\/p>\n<p style=\"text-align: justify;\"><span style=\"font-family: Times New Roman; font-size: small;\">Olyan jelentkez<\/span><span style=\"font-family: Times New Roman CE; font-size: small;\">\u0151<\/span><span style=\"font-family: Times New Roman; font-size: small;\">ket v\u00e1runk, akiket vonz egy jelent<\/span><span style=\"font-family: Times New Roman CE; font-size: small;\">\u0151<\/span><span style=\"font-family: Times New Roman; font-size: small;\">s m\u00falttal rendelkez<\/span><span style=\"font-family: Times New Roman CE; font-size: small;\">\u0151<\/span><span style=\"font-family: Times New Roman; font-size: small;\">, de szer\u00e9ny kultur\u00e1lis int\u00e9zm\u00e9ny fejleszt\u00e9se.<\/span><\/p>\n<p style=\"text-align: justify;\"><span style=\"font-family: Times New Roman; color: #800080; font-size: small;\"><strong>El<\/strong><\/span><span style=\"font-family: Times New Roman CE; color: #800080; font-size: small;\"><strong>\u0151<\/strong><\/span><span style=\"font-family: Times New Roman; color: #800080; font-size: small;\"><strong>nyt jelent az<\/strong><\/span><\/p>\n<ul style=\"text-align: justify;\" type=\"DISC\">\n<li><span style=\"font-family: Times New Roman; font-size: small;\">\u00f6tletess\u00e9g, kezdem\u00e9nyez<\/span><span style=\"font-family: Times New Roman CE; font-size: small;\">\u0151<\/span><span style=\"font-family: Times New Roman; font-size: small;\">k\u00e9szs\u00e9g; rugalmass\u00e1g, sz\u00e9lesk\u00f6r<\/span><span style=\"font-family: Times New Roman CE; font-size: small;\">\u0171<\/span><span style=\"font-family: Times New Roman; font-size: small;\"> \u00e9rdekl<\/span><span style=\"font-family: Times New Roman CE; font-size: small;\">\u0151<\/span><span style=\"font-family: Times New Roman; font-size: small;\">d\u00e9s \u00e9s a multitasking k\u00e9pess\u00e9g<\/span><\/li>\n<li><span style=\"font-family: Times New Roman; font-size: small;\">kor\u00e1bbi tapasztalat a m<\/span><span style=\"font-family: Times New Roman CE; font-size: small;\">\u0171<\/span><span style=\"font-family: Times New Roman; font-size: small;\">vel<\/span><span style=\"font-family: Times New Roman CE; font-size: small;\">\u0151<\/span><span style=\"font-family: Times New Roman; font-size: small;\">d\u00e9sszervez\u00e9s ter\u00e9n, az \u00f6nk\u00e9ntes munka melletti elk\u00f6telezetts\u00e9g, valamint a v\u00e1ratlan feladatokkal, kih\u00edv\u00e1sokkal szembeni nyitotts\u00e1g \u00e9s proakt\u00edv hozz\u00e1\u00e1ll\u00e1s<\/span><\/li>\n<li><span style=\"font-family: Times New Roman; font-size: small;\">az amerikai magyars\u00e1g m\u00faltj\u00e1nak \u00e9s jelenlegi helyzet\u00e9nek ismerete, a k\u00f6z\u00f6ss\u00e9g megmarad\u00e1sa ir\u00e1nti elk\u00f6telezetts\u00e9g<\/span><\/li>\n<li><span style=\"font-family: Times New Roman; font-size: small;\">irodai szint<\/span><span style=\"font-family: Times New Roman CE; font-size: small;\">\u0171<\/span><span style=\"font-family: Times New Roman; font-size: small;\"> sz\u00e1m\u00edt\u00f3g\u00e9p-felhaszn\u00e1l\u00f3i ismeretek \u00e9s k\u00f6nyvkatalogiz\u00e1l\u00e1si programok ismerete<\/span><\/li>\n<\/ul>\n<p style=\"text-align: justify;\">\n<p style=\"text-align: justify;\"><span style=\"font-family: Times New Roman; color: #800080; font-size: small;\"><strong>Az \u00f6szt\u00f6nd\u00edjat sikeresen elnyer<\/strong><\/span><span style=\"font-family: Times New Roman CE; color: #800080; font-size: small;\"><strong>\u0151<\/strong><\/span><span style=\"font-family: Times New Roman; color: #800080; font-size: small;\"><strong> jelentkez<\/strong><\/span><span style=\"font-family: Times New Roman CE; color: #800080; font-size: small;\"><strong>\u0151<\/strong><\/span><\/p>\n<ul style=\"text-align: justify;\"><span style=\"font-family: Times New Roman; font-size: small;\">\u00e1tfog\u00f3 betekint\u00e9st \u00e9s kik\u00e9pz\u00e9st kap a kultur\u00e1lis menedzsment \u00e9s non-profit szervez\u00e9s ter\u00fclet\u00e9n. B<\/span><span style=\"font-family: Times New Roman CE; font-size: small;\">\u0151<\/span><span style=\"font-family: Times New Roman; font-size: small;\">v\u00edtheti \u00e9s elm\u00e9ly\u00edtheti szakmai tapasztalat\u00e1t (1) a magyar \u00e9s amerikai k\u00f6z\u00f6ns\u00e9get megc\u00e9lz\u00f3 hagyom\u00e1ny<\/span><span style=\"font-family: Times New Roman CE; font-size: small;\">\u0151<\/span><span style=\"font-family: Times New Roman; font-size: small;\">rz<\/span><span style=\"font-family: Times New Roman CE; font-size: small;\">\u0151<\/span><span style=\"font-family: Times New Roman; font-size: small;\"> (bele\u00e9rtve oral history projektek \u00e9s arch\u00edv anyagok kezel\u00e9se), a magyar k\u00f6z\u00f6ss\u00e9get ismertet<\/span><span style=\"font-family: Times New Roman CE; font-size: small;\">\u0151<\/span><span style=\"font-family: Times New Roman; font-size: small;\"> programok megtervez\u00e9se \u00e9s kivitelez\u00e9se (el<\/span><span style=\"font-family: Times New Roman CE; font-size: small;\">\u0151<\/span><span style=\"font-family: Times New Roman; font-size: small;\">ad\u00e1sok, \u00edr\u00f3-olvas\u00f3 tal\u00e1lkoz\u00f3k, k\u00f6nyvklub, filmbemutat\u00f3k), valamint t\u00e1rsadalmi programok lebonyol\u00edt\u00e1sa (2) tags\u00e1g, t\u00e1mogat\u00f3k \u00e9s \u00f6nk\u00e9ntesek toborz\u00e1sa \u00e9s a vel\u00fck val\u00f3 kapcsolattart\u00e1s (3) adminisztr\u00e1ci\u00f3s teend<\/span><span style=\"font-family: Times New Roman CE; font-size: small;\">\u0151<\/span><span style=\"font-family: Times New Roman; font-size: small;\">k (4) amerikai p\u00e1ly\u00e1zat\u00edr\u00e1s \u00e9s (5) k\u00f6nyvt\u00e1ri teend<\/span><span style=\"font-family: Times New Roman CE; font-size: small;\">\u0151<\/span><span style=\"font-family: Times New Roman; font-size: small;\">k ter\u00e9n.<\/span><\/ul>\n<p style=\"text-align: justify;\"><span style=\"font-family: Times New Roman; color: #800080; font-size: small;\"><strong>Az Amerikai Magyar K\u00f6nyvt\u00e1r \u00e9s T\u00f6rt\u00e9nelmi T\u00e1rsulat<\/strong><\/span><span style=\"font-family: Times New Roman; font-size: small;\"> (American Hungarian Library and Historical Society) 1955 \u00f3ta szolg\u00e1lja New York v\u00e1ros \u00e9s k\u00f6rny\u00e9ke (New York, New Jersey \u00e9s Connecticut \u00e1llamok) 200 ezer<\/span><span style=\"font-family: Times New Roman; color: #ff0000; font-size: small;\"> <\/span><span style=\"font-family: Times New Roman CE; font-size: small;\">f\u0151s amerikai magyar k\u00f6z\u00f6ss\u00e9g<\/span><span style=\"font-family: Times New Roman; font-size: small;\">e szellemi, kultur\u00e1lis \u00e9s t\u00e1rsadalmi ig\u00e9nyeit. Tov\u00e1bb\u00e1, hivat\u00e1s\u00e1nak tekinti eljuttatni a magyar, valamint amerikai magyar kult\u00far\u00e1t \u00e9s t\u00f6rt\u00e9nelmi \u00f6r\u00f6ks\u00e9get a beavatatlan amerikai k\u00f6z\u00f6ns\u00e9ghez.<\/span><\/p>\n<p style=\"text-align: justify;\"><span style=\"font-family: Times New Roman; font-size: small;\">A fent eml\u00edtett programok \u00e9<\/span><span style=\"font-family: Times New Roman CE; font-size: small;\">s el\u0151ad\u00e1sok mellett az int\u00e9zm\u00e9ny rendszeres k\u00f6nyvt\u00e1ri nyitva tart\u00e1ssal bocs\u00e1tja olvas\u00f3k\u00f6z\u00f6ns\u00e9ge rendelkez\u00e9s\u00e9re a tulajdon\u00e1ban lev\u0151 mintegy 6000 k\u00f6tetet. \u00c1llom\u00e1nya mindennem\u0171 magyarul \u00edrott \u00e9s magyar vonatkoz\u00e1s\u00fa idegen (f\u0151leg angol) nyelv\u0171 irodalmat, t\u00f6rt\u00e9nelmi \u00e9s tudom\u00e1nyos m\u0171v<\/span><span style=\"font-family: Times New Roman; font-size: small;\">et tartalmaz. A K\u00f6nyvt\u00e1r \u00e1llom\u00e1nya folyamatosan gyarapszik.<\/span><\/p>\n<p style=\"text-align: justify;\"><span style=\"font-family: Times New Roman; font-size: small;\">Let\u00f6lthet<\/span><span style=\"font-family: Times New Roman CE; font-size: small;\">\u0151<\/span><span style=\"font-family: Times New Roman; font-size: small;\"> jelentkez\u00e9si lap:<br \/>\n<\/span><a href=\"http:\/\/www.americanhungarianlibrary.org\/doc\/AHLHS_Application_2012-2013.doc\" target=\"_blank\"><span style=\"font-family: Times New Roman; color: #0000ff; font-size: small;\"><span style=\"text-decoration: underline;\">www.americanhungarianlibrary.org\/doc\/AHLHS_Application_2012-2013.doc<br \/>\n<\/span><\/span><\/a><span style=\"font-family: Times New Roman; font-size: small;\">A jelentkez\u00e9seket e-mailben az\u00a0<a href=\"mailto:info@americanhungarianlibrary.org\" target=\"_blank\">info@americanhungarianlibrary.org<\/a> c\u00edmre, \u00c9S postai \u00faton az AHLHS \u00d6szt\u00f6nd\u00edj, HHRF, 1255 Budapest, pf. 66. c\u00edmre v\u00e1rjuk.<\/p>\n<p>A bek\u00fcld\u00e9si hat\u00e1rid<\/span><span style=\"font-family: Times New Roman CE; font-size: small;\">\u0151<\/span><span style=\"font-family: Times New Roman; font-size: small;\">:\u00a0<strong>2012. m\u00e1rcius 2.<\/strong><\/p>\n<p>Tov\u00e1bbi inform\u00e1ci\u00f3k:<\/p>\n<p>Amerikai Magyar K\u00f6nyvt\u00e1r \u00e9s T\u00f6rt\u00e9nelmi T\u00e1rsulat<\/span><span style=\"font-family: Calibri; font-size: small;\"><br \/>\n<\/span><span style=\"font-family: Times New Roman; font-size: small;\">Latk\u00f3czy Emese, titk\u00e1r<br \/>\ne-mail: <\/span><a href=\"mailto:info@americanhungarianlibrary.org\" target=\"_blank\"><span style=\"font-family: Times New Roman; color: #0000ff; font-size: small;\"><span style=\"text-decoration: underline;\">info@americanhungarianlibrary.org<\/span><\/span><\/a><span style=\"font-family: Times New Roman; font-size: small;\"><br \/>\nweb: <\/span><a href=\"http:\/\/www.americanhungarianlibrary.org\/\" target=\"_blank\"><span style=\"font-family: Times New Roman; color: #0000ff; font-size: small;\"><span style=\"text-decoration: underline;\">www.americanhungarianlibrary.org<\/span><\/span><\/a><span style=\"font-family: Times New Roman; font-size: small;\"><br \/>\n<\/span><\/p>\n","protected":false},"excerpt":{"rendered":"<p>A New York-i sz\u00e9khely\u0171 Amerikai Magyar K\u00f6nyvt\u00e1r \u00e9s T\u00f6rt\u00e9nelmi T\u00e1rsulat kultur\u00e1lis menedzsment, non-profit szervez\u00e9s, n\u00e9pm\u0171vel\u00e9s ir\u00e1nt \u00e9rdekl\u0151d\u0151, angolul fels\u0151szintenbesz\u00e9l\u0151 gyakornokot keres. Az \u00f6szt\u00f6nd\u00edjprogramot a\u00a0Magyar-Amerikai V\u00e1llalkoz\u00e1si \u00d6szt\u00f6nd\u00edj Alappal (HAESF) partners\u00e9gben val\u00f3s\u00edtjuk meg.<\/p>\n","protected":false},"author":1,"featured_media":0,"comment_status":"open","ping_status":"open","sticky":false,"template":"","format":"standard","meta":[],"categories":[13],"tags":[],"_links":{"self":[{"href":"http:\/\/www.mehok.uni-miskolc.hu\/btkhok\/index.php?rest_route=\/wp\/v2\/posts\/560"}],"collection":[{"href":"http:\/\/www.mehok.uni-miskolc.hu\/btkhok\/index.php?rest_route=\/wp\/v2\/posts"}],"about":[{"href":"http:\/\/www.mehok.uni-miskolc.hu\/btkhok\/index.php?rest_route=\/wp\/v2\/types\/post"}],"author":[{"embeddable":true,"href":"http:\/\/www.mehok.uni-miskolc.hu\/btkhok\/index.php?rest_route=\/wp\/v2\/users\/1"}],"replies":[{"embeddable":true,"href":"http:\/\/www.mehok.uni-miskolc.hu\/btkhok\/index.php?rest_route=%2Fwp%2Fv2%2Fcomments&post=560"}],"version-history":[{"count":2,"href":"http:\/\/www.mehok.uni-miskolc.hu\/btkhok\/index.php?rest_route=\/wp\/v2\/posts\/560\/revisions"}],"predecessor-version":[{"id":562,"href":"http:\/\/www.mehok.uni-miskolc.hu\/btkhok\/index.php?rest_route=\/wp\/v2\/posts\/560\/revisions\/562"}],"wp:attachment":[{"href":"http:\/\/www.mehok.uni-miskolc.hu\/btkhok\/index.php?rest_route=%2Fwp%2Fv2%2Fmedia&parent=560"}],"wp:term":[{"taxonomy":"category","embeddable":true,"href":"http:\/\/www.mehok.uni-miskolc.hu\/btkhok\/index.php?rest_route=%2Fwp%2Fv2%2Fcategories&post=560"},{"taxonomy":"post_tag","embeddable":true,"href":"http:\/\/www.mehok.uni-miskolc.hu\/btkhok\/index.php?rest_route=%2Fwp%2Fv2%2Ftags&post=560"}],"curies":[{"name":"wp","href":"https:\/\/api.w.org\/{rel}","templated":true}]}}