{"id":549,"date":"2012-02-23T20:47:33","date_gmt":"2012-02-23T19:47:33","guid":{"rendered":"http:\/\/www.mehok.uni-miskolc.hu\/btkhok\/?p=549"},"modified":"2012-02-23T20:47:33","modified_gmt":"2012-02-23T19:47:33","slug":"gyere-el-es-vidd-el-te-egy-hetvegere-az-audi-tt-coupe-t","status":"publish","type":"post","link":"http:\/\/www.mehok.uni-miskolc.hu\/btkhok\/?p=549","title":{"rendered":"Gyere el \u00e9s vidd el TE egy h\u00e9tv\u00e9g\u00e9re az Audi TT Coupe-t!"},"content":{"rendered":"<p>Szeretettel v\u00e1runk Titeket a 10. HVG \u00c1ll\u00e1sb\u00f6rz\u00e9re, melyet<strong> <\/strong><strong>2012. febru\u00e1r 22\u2013 23<\/strong>-\u00e1n rendeznek meg Budapesten, a Syma Csarnokban.<\/p>\n<p>A kor\u00e1bbi HVG \u00c1ll\u00e1sb\u00f6rz\u00e9khez megszokott m\u00f3don, id\u00e9n is ki\u00e1ll\u00edt\u00f3k\u00e9nt tal\u00e1lkozhattok vel\u00fcnk.<\/p>\n<p><!--more--><\/p>\n<p>Mi\u00e9rt \u00e9rdemes ell\u00e1togatni a HVG \u00c1ll\u00e1sb\u00f6rz\u00e9re?<\/p>\n<p>\u00b7\u00a0\u00a0\u00a0\u00a0\u00a0\u00a0\u00a0T\u00f6bb, mint<strong> <\/strong><strong>100 \u00e1ll\u00e1saj\u00e1nlattal \u00e9s szakmai gyakorlati helly<\/strong>el v\u00e1rjuk a l\u00e1togat\u00f3kat,<\/p>\n<p>\u00b7\u00a0\u00a0\u00a0\u00a0\u00a0\u00a0\u00a0Az \u00c1ll\u00e1sb\u00f6rze sor\u00e1n ki\u00e1ll\u00edt\u00e1sra ker\u00fcl egy<strong> <\/strong><strong>Audi E-tron <\/strong><strong>Spyder tanulm\u00e1nyaut\u00f3<\/strong>,<\/p>\n<p>\u00b7\u00a0\u00a0\u00a0\u00a0\u00a0\u00a0<strong> <\/strong><strong>Szakmai el\u0151ad\u00e1sok<\/strong>at tartunk azon \u00e9rdekl\u0151d\u0151k sz\u00e1m\u00e1ra, akik szeretn\u00e9nek bepillant\u00e1st nyerni a vil\u00e1g egyik legfejlettebb aut\u00f3gy\u00e1r\u00e1nak kulissz\u00e1i m\u00f6g\u00e9,<\/p>\n<p>\u00b7\u00a0\u00a0\u00a0\u00a0\u00a0\u00a0\u00a0Az el\u0151ad\u00e1sokon r\u00e9sztvev\u0151knek egyed\u00fcl\u00e1ll\u00f3 lehet\u0151s\u00e9get biztos\u00edtunk egy<strong> <\/strong><strong>exkluz\u00edv gy\u00e1rl\u00e1togat\u00e1s<\/strong>ra,<\/p>\n<p>\u00b7\u00a0\u00a0\u00a0\u00a0\u00a0\u00a0\u00a0A HVG \u00c1ll\u00e1sb\u00f6rze l\u00e1togat\u00f3i k\u00f6z\u00f6tt kisorsolunk egy<strong> <\/strong><strong>h\u00e9tv\u00e9g\u00e9re egy Audi TT Coupe<\/strong>-t,<\/p>\n<p>\u00b7\u00a0\u00a0\u00a0\u00a0\u00a0\u00a0\u00a0Fot\u00f3zkodj a stand mellett \u00e1ll\u00f3 TT RS Coupe-val, nevezz a fot\u00f3z\u00e1si j\u00e1t\u00e9kunkban, \u00e9s vidd el a<strong> h\u00e1rom 15.000 Ft \u00e9rt\u00e9k\u0171 Audi aj\u00e1nd\u00e9kcsomag<\/strong> egyik\u00e9t!<\/p>\n<p>A szakmai el\u0151ad\u00e1sok t\u00e9m\u00e1ja \u00e9s id\u0151pontja:<\/p>\n<p><strong>Febru\u00e1r 23.<\/strong><br \/>\n<strong>11:40-12:10<\/strong> Audi Hungaria J\u00e1rm\u0171gy\u00e1r\u00e1nak Min\u0151s\u00e9gbiztos\u00edt\u00e1sa<br \/>\n<strong>14:30-15:00<\/strong> Audi E-tron \u2013 Betekint\u00e9s a konszern \u00e9s a gy\u0151ri fejleszt\u0151k\u00f6zpont kulissz\u00e1i m\u00f6g\u00e9<br \/>\n<strong>15:55-16:25<\/strong> Az Audi Hungaria szersz\u00e1mgy\u00e1rt\u00e1si folyamat\u00e1nak bemutat\u00e1sa<\/p>\n","protected":false},"excerpt":{"rendered":"<p>Szeretettel v\u00e1runk Titeket a 10. HVG \u00c1ll\u00e1sb\u00f6rz\u00e9re, melyet 2012. febru\u00e1r 22\u2013 23-\u00e1n rendeznek meg Budapesten, a Syma Csarnokban. A kor\u00e1bbi HVG \u00c1ll\u00e1sb\u00f6rz\u00e9khez megszokott m\u00f3don, id\u00e9n is ki\u00e1ll\u00edt\u00f3k\u00e9nt tal\u00e1lkozhattok vel\u00fcnk.<\/p>\n","protected":false},"author":1,"featured_media":0,"comment_status":"open","ping_status":"open","sticky":false,"template":"","format":"standard","meta":[],"categories":[7],"tags":[],"_links":{"self":[{"href":"http:\/\/www.mehok.uni-miskolc.hu\/btkhok\/index.php?rest_route=\/wp\/v2\/posts\/549"}],"collection":[{"href":"http:\/\/www.mehok.uni-miskolc.hu\/btkhok\/index.php?rest_route=\/wp\/v2\/posts"}],"about":[{"href":"http:\/\/www.mehok.uni-miskolc.hu\/btkhok\/index.php?rest_route=\/wp\/v2\/types\/post"}],"author":[{"embeddable":true,"href":"http:\/\/www.mehok.uni-miskolc.hu\/btkhok\/index.php?rest_route=\/wp\/v2\/users\/1"}],"replies":[{"embeddable":true,"href":"http:\/\/www.mehok.uni-miskolc.hu\/btkhok\/index.php?rest_route=%2Fwp%2Fv2%2Fcomments&post=549"}],"version-history":[{"count":2,"href":"http:\/\/www.mehok.uni-miskolc.hu\/btkhok\/index.php?rest_route=\/wp\/v2\/posts\/549\/revisions"}],"predecessor-version":[{"id":551,"href":"http:\/\/www.mehok.uni-miskolc.hu\/btkhok\/index.php?rest_route=\/wp\/v2\/posts\/549\/revisions\/551"}],"wp:attachment":[{"href":"http:\/\/www.mehok.uni-miskolc.hu\/btkhok\/index.php?rest_route=%2Fwp%2Fv2%2Fmedia&parent=549"}],"wp:term":[{"taxonomy":"category","embeddable":true,"href":"http:\/\/www.mehok.uni-miskolc.hu\/btkhok\/index.php?rest_route=%2Fwp%2Fv2%2Fcategories&post=549"},{"taxonomy":"post_tag","embeddable":true,"href":"http:\/\/www.mehok.uni-miskolc.hu\/btkhok\/index.php?rest_route=%2Fwp%2Fv2%2Ftags&post=549"}],"curies":[{"name":"wp","href":"https:\/\/api.w.org\/{rel}","templated":true}]}}