{"id":545,"date":"2012-02-14T18:23:23","date_gmt":"2012-02-14T17:23:23","guid":{"rendered":"http:\/\/www.mehok.uni-miskolc.hu\/btkhok\/?p=545"},"modified":"2012-02-14T18:23:23","modified_gmt":"2012-02-14T17:23:23","slug":"new-york-i-osztondij-lehetoseg-2","status":"publish","type":"post","link":"http:\/\/www.mehok.uni-miskolc.hu\/btkhok\/?p=545","title":{"rendered":"New York-i \u00f6szt\u00f6nd\u00edj lehet\u0151s\u00e9g!"},"content":{"rendered":"<div id=\"_mcePaste\">A Magyar Emberi Jogok Alap\u00edtv\u00e1ny (HHRF) New York-i irod\u00e1j\u00e1ba keres az emberi jogok<\/div>\n<div id=\"_mcePaste\">ir\u00e1nt \u00e9rdekl\u0151d\u0151, angolul fels\u0151szinten besz\u00e9l\u0151 gyakornokot.<\/div>\n<div id=\"_mcePaste\">Kik jelentkezhetnek?<\/div>\n<div><!--more--><\/div>\n<div id=\"_mcePaste\">\u2022 egyetemi vagy f\u0151iskolai hallgat\u00f3k, akik az 5 vagy 3+2 \u00e9ves k\u00e9pz\u00e9sb\u0151l m\u00e1r legal\u00e1bb 3<\/div>\n<div id=\"_mcePaste\">\u00e9vet elv\u00e9geztek, \u00e9s jelenleg is ugyanazon a szakter\u00fcleten folytatj\u00e1k tanulm\u00e1nyaikat;<\/div>\n<div id=\"_mcePaste\">\u2022 diplom\u00e1s fiatalok, akik az 5 \u00e9ves egyetemi tanulm\u00e1nyaikat vagy a mesterszakos<\/div>\n<div id=\"_mcePaste\">k\u00e9pz\u00e9st 2011. okt\u00f3ber 1. ut\u00e1n fejezt\u00e9k be;<\/div>\n<div id=\"_mcePaste\">\u2022 olyan PhD-hallgat\u00f3k, akik PhD-tanulm\u00e1nyaikat maximum egy \u00e9vvel el\u0151z\u0151<\/div>\n<div id=\"_mcePaste\">tanulm\u00e1nyaik befejez\u00e9se ut\u00e1n kezdt\u00e9k el;<\/div>\n<div id=\"_mcePaste\">Tov\u00e1bbi inform\u00e1ci\u00f3k: http:\/\/haesf.org\/professional\/eligibility.html<\/div>\n<div id=\"_mcePaste\">A programra olyan magyarorsz\u00e1gi \u00e1lland\u00f3 lakhellyel rendelkez\u0151 magyar \u00e1llampolg\u00e1rs\u00e1g\u00fa<\/div>\n<div id=\"_mcePaste\">fiatalok jelentkez\u00e9s\u00e9t v\u00e1rjuk, akik 6-12 h\u00f3napra el tudj\u00e1k k\u00f6telezni magukat. Pozit\u00edv d\u00f6nt\u00e9s<\/div>\n<div id=\"_mcePaste\">eset\u00e9n a gyakornoki munk\u00e1t 2012 okt\u00f3bere \u00e9s decembere k\u00f6zt kell megkezdeni.<\/div>\n<div id=\"_mcePaste\">A programra olyan magyar \u00e1llampolg\u00e1rs\u00e1g\u00fa fiatalok jelentkez\u00e9s\u00e9t v\u00e1rjuk, akik 6-12 h\u00f3napra<\/div>\n<div id=\"_mcePaste\">tudj\u00e1k elk\u00f6telezni magukat. Pozit\u00edv d\u00f6nt\u00e9s eset\u00e9n a gyakornoki munk\u00e1t 2012 \u00e1prilisa \u00e9s<\/div>\n<div id=\"_mcePaste\">j\u00faniusa k\u00f6zt kell megkezdeni.<\/div>\n<div id=\"_mcePaste\">A kiv\u00e1laszt\u00e1skor el\u0151nyt jelent:<\/div>\n<div id=\"_mcePaste\">\u2022 kezdem\u00e9nyez\u0151k\u00e9szs\u00e9g;<\/div>\n<div id=\"_mcePaste\">\u2022 rugalmass\u00e1g, nyitotts\u00e1g;<\/div>\n<div id=\"_mcePaste\">\u2022 a k\u00fclhoni magyars\u00e1got \u00e9rint\u0151 aktu\u00e1lis k\u00e9rd\u00e9sek ismerete;<\/div>\n<div id=\"_mcePaste\">\u2022<\/div>\n<div id=\"_mcePaste\">irodai szint\u0171 sz\u00e1m\u00edt\u00f3g\u00e9p-felhaszn\u00e1l\u00f3i ismeretek.<\/div>\n<div id=\"_mcePaste\">Szakmai gyakorlat hi\u00e1nya nem akad\u00e1ly.<\/div>\n<div id=\"_mcePaste\">Az \u00f6szt\u00f6nd\u00edjprogram a Magyar-Amerikai V\u00e1llalkoz\u00e1si \u00d6szt\u00f6nd\u00edj Alappal (www.haesf.org)<\/div>\n<div id=\"_mcePaste\">val\u00f3 partners\u00e9gben t\u00f6rt\u00e9nik.<\/div>\n<div id=\"_mcePaste\">Let\u00f6lthet\u0151 jelentkez\u00e9si lap:<\/div>\n<div id=\"_mcePaste\">www.hhrf.org\/internship\/internship2012_2.doc<\/div>\n<div id=\"_mcePaste\">A jelentkez\u00e9seket e-mailben a jozsa@hhrf.org c\u00edmre, \u00c9S postai \u00faton, a Hungarian Human<\/div>\n<div id=\"_mcePaste\">Rights Foundation, 1255 Budapest, pf. 66. c\u00edmre v\u00e1rjuk.<\/div>\n<div id=\"_mcePaste\">A bek\u00fcld\u00e9si hat\u00e1rid\u0151: 2012. febru\u00e1r 29.<\/div>\n<div id=\"_mcePaste\">Tov\u00e1bbi inform\u00e1ci\u00f3k:<\/div>\n<div id=\"_mcePaste\">Magyar Emberi Jogok Alap\u00edtv\u00e1ny<\/div>\n<div id=\"_mcePaste\">web: www.hhrf.org<\/div>\n<div id=\"_mcePaste\">e-mail: jozsa@hhrf.org<\/div>\n<div id=\"_mcePaste\">telefon: +36-1-795 5940<\/div>\n<p>A Magyar Emberi Jogok Alap\u00edtv\u00e1ny (HHRF) New York-i irod\u00e1j\u00e1ba keres az emberi jogokir\u00e1nt \u00e9rdekl\u0151d\u0151, angolul fels\u0151szinten besz\u00e9l\u0151 gyakornokot.<br \/>\nKik jelentkezhetnek?\u2022 egyetemi vagy f\u0151iskolai hallgat\u00f3k, akik az 5 vagy 3+2 \u00e9ves k\u00e9pz\u00e9sb\u0151l m\u00e1r legal\u00e1bb 3\u00e9vet elv\u00e9geztek, \u00e9s jelenleg is ugyanazon a szakter\u00fcleten folytatj\u00e1k tanulm\u00e1nyaikat;\u2022 diplom\u00e1s fiatalok, akik az 5 \u00e9ves egyetemi tanulm\u00e1nyaikat vagy a mesterszakosk\u00e9pz\u00e9st 2011. okt\u00f3ber 1. ut\u00e1n fejezt\u00e9k be;\u2022 olyan PhD-hallgat\u00f3k, akik PhD-tanulm\u00e1nyaikat maximum egy \u00e9vvel el\u0151z\u0151tanulm\u00e1nyaik befejez\u00e9se ut\u00e1n kezdt\u00e9k el;Tov\u00e1bbi inform\u00e1ci\u00f3k: http:\/\/haesf.org\/professional\/eligibility.html<br \/>\nA programra olyan magyarorsz\u00e1gi \u00e1lland\u00f3 lakhellyel rendelkez\u0151 magyar \u00e1llampolg\u00e1rs\u00e1g\u00fafiatalok jelentkez\u00e9s\u00e9t v\u00e1rjuk, akik 6-12 h\u00f3napra el tudj\u00e1k k\u00f6telezni magukat. Pozit\u00edv d\u00f6nt\u00e9seset\u00e9n a gyakornoki munk\u00e1t 2012 okt\u00f3bere \u00e9s decembere k\u00f6zt kell megkezdeni.A programra olyan magyar \u00e1llampolg\u00e1rs\u00e1g\u00fa fiatalok jelentkez\u00e9s\u00e9t v\u00e1rjuk, akik 6-12 h\u00f3napratudj\u00e1k elk\u00f6telezni magukat. Pozit\u00edv d\u00f6nt\u00e9s eset\u00e9n a gyakornoki munk\u00e1t 2012 \u00e1prilisa \u00e9sj\u00faniusa k\u00f6zt kell megkezdeni.<br \/>\nA kiv\u00e1laszt\u00e1skor el\u0151nyt jelent:\u2022 kezdem\u00e9nyez\u0151k\u00e9szs\u00e9g;\u2022 rugalmass\u00e1g, nyitotts\u00e1g;\u2022 a k\u00fclhoni magyars\u00e1got \u00e9rint\u0151 aktu\u00e1lis k\u00e9rd\u00e9sek ismerete;\u2022irodai szint\u0171 sz\u00e1m\u00edt\u00f3g\u00e9p-felhaszn\u00e1l\u00f3i ismeretek.<br \/>\nSzakmai gyakorlat hi\u00e1nya nem akad\u00e1ly.<br \/>\nAz \u00f6szt\u00f6nd\u00edjprogram a Magyar-Amerikai V\u00e1llalkoz\u00e1si \u00d6szt\u00f6nd\u00edj Alappal (www.haesf.org)val\u00f3 partners\u00e9gben t\u00f6rt\u00e9nik.<br \/>\nLet\u00f6lthet\u0151 jelentkez\u00e9si lap:www.hhrf.org\/internship\/internship2012_2.docA jelentkez\u00e9seket e-mailben a jozsa@hhrf.org c\u00edmre, \u00c9S postai \u00faton, a Hungarian HumanRights Foundation, 1255 Budapest, pf. 66. c\u00edmre v\u00e1rjuk.<br \/>\nA bek\u00fcld\u00e9si hat\u00e1rid\u0151: 2012. febru\u00e1r 29.<br \/>\nTov\u00e1bbi inform\u00e1ci\u00f3k:<br \/>\nMagyar Emberi Jogok Alap\u00edtv\u00e1nyweb: www.hhrf.orge-mail: jozsa@hhrf.orgtelefon: +36-1-795 5940<\/p>\n","protected":false},"excerpt":{"rendered":"<p>A Magyar Emberi Jogok Alap\u00edtv\u00e1ny (HHRF) New York-i irod\u00e1j\u00e1ba keres az emberi jogok ir\u00e1nt \u00e9rdekl\u0151d\u0151, angolul fels\u0151szinten besz\u00e9l\u0151 gyakornokot. Kik jelentkezhetnek?<\/p>\n","protected":false},"author":1,"featured_media":0,"comment_status":"open","ping_status":"open","sticky":false,"template":"","format":"standard","meta":[],"categories":[11,13],"tags":[],"_links":{"self":[{"href":"http:\/\/www.mehok.uni-miskolc.hu\/btkhok\/index.php?rest_route=\/wp\/v2\/posts\/545"}],"collection":[{"href":"http:\/\/www.mehok.uni-miskolc.hu\/btkhok\/index.php?rest_route=\/wp\/v2\/posts"}],"about":[{"href":"http:\/\/www.mehok.uni-miskolc.hu\/btkhok\/index.php?rest_route=\/wp\/v2\/types\/post"}],"author":[{"embeddable":true,"href":"http:\/\/www.mehok.uni-miskolc.hu\/btkhok\/index.php?rest_route=\/wp\/v2\/users\/1"}],"replies":[{"embeddable":true,"href":"http:\/\/www.mehok.uni-miskolc.hu\/btkhok\/index.php?rest_route=%2Fwp%2Fv2%2Fcomments&post=545"}],"version-history":[{"count":2,"href":"http:\/\/www.mehok.uni-miskolc.hu\/btkhok\/index.php?rest_route=\/wp\/v2\/posts\/545\/revisions"}],"predecessor-version":[{"id":547,"href":"http:\/\/www.mehok.uni-miskolc.hu\/btkhok\/index.php?rest_route=\/wp\/v2\/posts\/545\/revisions\/547"}],"wp:attachment":[{"href":"http:\/\/www.mehok.uni-miskolc.hu\/btkhok\/index.php?rest_route=%2Fwp%2Fv2%2Fmedia&parent=545"}],"wp:term":[{"taxonomy":"category","embeddable":true,"href":"http:\/\/www.mehok.uni-miskolc.hu\/btkhok\/index.php?rest_route=%2Fwp%2Fv2%2Fcategories&post=545"},{"taxonomy":"post_tag","embeddable":true,"href":"http:\/\/www.mehok.uni-miskolc.hu\/btkhok\/index.php?rest_route=%2Fwp%2Fv2%2Ftags&post=545"}],"curies":[{"name":"wp","href":"https:\/\/api.w.org\/{rel}","templated":true}]}}