{"id":114,"date":"2011-04-19T12:37:51","date_gmt":"2011-04-19T11:37:51","guid":{"rendered":"http:\/\/www.mehok.uni-miskolc.hu\/btkhok\/?p=114"},"modified":"2011-04-19T12:37:51","modified_gmt":"2011-04-19T11:37:51","slug":"mesterm-2011","status":"publish","type":"post","link":"http:\/\/www.mehok.uni-miskolc.hu\/btkhok\/?p=114","title":{"rendered":"MesterM 2011"},"content":{"rendered":"<p><span style=\"font-family: Arial,sans-serif; font-size: x-small;\"> <\/span><\/p>\n<div><strong>Kedves Hallgat\u00f3!<\/strong><\/div>\n<div><strong>Most ism\u00e9t jel\u00f6lheted volt k\u00f6z\u00e9piskolai matematika, k\u00e9mia vagy fizika  tan\u00e1rodat a MOL &#8211; MesterM &#8211; d\u00edjra<\/strong>, mellyel megk\u00f6sz\u00f6nheted neki, hogy  munk\u00e1j\u00e1val, szem\u00e9lyis\u00e9g\u00e9vel megszerettette veled a k\u00e9mia, fizika, illetve  matematika tant\u00e1rgyakat, tov\u00e1bb\u00e1 hogy szakmai felk\u00e9sz\u00edt\u00e9seden t\u00fal hozz\u00e1seg\u00edtett  a m\u0171szaki\/m\u00e9rn\u00f6ki\/term\u00e9szettudom\u00e1nyi p\u00e1lya v\u00e1laszt\u00e1s\u00e1hoz.<\/div>\n<p><!--more--><span style=\"font-family: Arial,sans-serif; font-size: x-small;\"> <\/span><\/p>\n<p><span style=\"font-family: Arial,sans-serif; font-size: x-small;\"><\/p>\n<div>Azon tan\u00e1rok kapnak anyagi illetve erk\u00f6lcsi elismer\u00e9st, akik a  tehets\u00e9ggondoz\u00e1s mellett elismerten sokat tesznek di\u00e1kjaik mentor\u00e1l\u00e1s\u00e1\u00e9rt, a  p\u00e1lyav\u00e1laszt\u00e1sban val\u00f3 seg\u00edts\u00e9g\u00e9rt.<\/div>\n<div><strong>Mind\u00f6ssze annyit kell tenned, hogy jel\u00f6l\u00f6d \u0150t a <\/strong><a href=\"http:\/\/mesterm.mol.hu\/\" target=\"_blank\"><span style=\"color: #0000ff;\"><span style=\"text-decoration: underline;\"><strong>http:\/\/mesterm.mol.hu<\/strong><\/span><\/span><\/a><strong> oldalon  tal\u00e1lhat\u00f3 linken 2011. \u00e1prilis 24.-ig. <\/strong><\/div>\n<div>Szakmai zs\u0171ri \u00e9rt\u00e9keli a be\u00e9rkezett jel\u00f6l\u00e9seket, az \u00fcnnep\u00e9lyes d\u00edj\u00e1tad\u00f3ra  pedig a Pedag\u00f3gusnap k\u00f6rny\u00e9k\u00e9n ker\u00fcl sor, ahol szem\u00e9lyesen adhatod \u00e1t tan\u00e1rodnak  az elismer\u00e9st.<\/div>\n<div><strong>Neked pedig mi k\u00f6sz\u00f6nj\u00fck meg: ha a jel\u00f6l\u00e9s mellett a kapcsol\u00f3d\u00f3 j\u00e1t\u00e9kos  kv\u00edz\u00fcnkben is r\u00e9szt veszel, \u00e9rt\u00e9kes okostelefont nyerhetsz.<\/strong><\/div>\n<div>Mindannyiunknak sz\u00fcks\u00e9ge van j\u00f3 tan\u00e1rokra, k\u00f6sz\u00f6nj\u00fck meg egy\u00fctt sok\u00e9ves  nevel\u0151 munk\u00e1jukat!<\/div>\n<div>B\u0151vebb inform\u00e1ci\u00f3t a <a href=\"http:\/\/mesterm.mol.hu\/\" target=\"_blank\"><span style=\"color: #0000ff;\"><span style=\"text-decoration: underline;\">http:\/\/mesterm.mol.hu<\/span><\/span><\/a> oldalon tal\u00e1lsz.<\/div>\n<div>K\u00e9rd\u00e9seidet, \u00e9szrev\u00e9teleidet pedig a <a href=\"mailto:mesterm@mol.hu\" target=\"_blank\"><span style=\"color: #0000ff;\"><span style=\"text-decoration: underline;\">mesterm@mol.hu<\/span><\/span><\/a> e-mai c\u00edmre v\u00e1rjuk!<\/div>\n<div>Te kinek k\u00f6sz\u00f6nn\u00e9d meg\u2026?<\/div>\n<div>a MOL MesterM-d\u00edj Csapata<\/div>\n<p><\/span><\/p>\n<p><span style=\"font-family: Arial,sans-serif; font-size: x-small;\"><\/p>\n<p><\/span><\/p>\n","protected":false},"excerpt":{"rendered":"<p>Kedves Hallgat\u00f3! Most ism\u00e9t jel\u00f6lheted volt k\u00f6z\u00e9piskolai matematika, k\u00e9mia vagy fizika tan\u00e1rodat a MOL &#8211; MesterM &#8211; d\u00edjra, mellyel megk\u00f6sz\u00f6nheted neki, hogy munk\u00e1j\u00e1val, szem\u00e9lyis\u00e9g\u00e9vel megszerettette veled a k\u00e9mia, fizika, illetve matematika tant\u00e1rgyakat, tov\u00e1bb\u00e1 hogy szakmai felk\u00e9sz\u00edt\u00e9seden t\u00fal hozz\u00e1seg\u00edtett a m\u0171szaki\/m\u00e9rn\u00f6ki\/term\u00e9szettudom\u00e1nyi p\u00e1lya v\u00e1laszt\u00e1s\u00e1hoz.<\/p>\n","protected":false},"author":1,"featured_media":0,"comment_status":"open","ping_status":"open","sticky":false,"template":"","format":"standard","meta":[],"categories":[11],"tags":[],"_links":{"self":[{"href":"http:\/\/www.mehok.uni-miskolc.hu\/btkhok\/index.php?rest_route=\/wp\/v2\/posts\/114"}],"collection":[{"href":"http:\/\/www.mehok.uni-miskolc.hu\/btkhok\/index.php?rest_route=\/wp\/v2\/posts"}],"about":[{"href":"http:\/\/www.mehok.uni-miskolc.hu\/btkhok\/index.php?rest_route=\/wp\/v2\/types\/post"}],"author":[{"embeddable":true,"href":"http:\/\/www.mehok.uni-miskolc.hu\/btkhok\/index.php?rest_route=\/wp\/v2\/users\/1"}],"replies":[{"embeddable":true,"href":"http:\/\/www.mehok.uni-miskolc.hu\/btkhok\/index.php?rest_route=%2Fwp%2Fv2%2Fcomments&post=114"}],"version-history":[{"count":4,"href":"http:\/\/www.mehok.uni-miskolc.hu\/btkhok\/index.php?rest_route=\/wp\/v2\/posts\/114\/revisions"}],"predecessor-version":[{"id":118,"href":"http:\/\/www.mehok.uni-miskolc.hu\/btkhok\/index.php?rest_route=\/wp\/v2\/posts\/114\/revisions\/118"}],"wp:attachment":[{"href":"http:\/\/www.mehok.uni-miskolc.hu\/btkhok\/index.php?rest_route=%2Fwp%2Fv2%2Fmedia&parent=114"}],"wp:term":[{"taxonomy":"category","embeddable":true,"href":"http:\/\/www.mehok.uni-miskolc.hu\/btkhok\/index.php?rest_route=%2Fwp%2Fv2%2Fcategories&post=114"},{"taxonomy":"post_tag","embeddable":true,"href":"http:\/\/www.mehok.uni-miskolc.hu\/btkhok\/index.php?rest_route=%2Fwp%2Fv2%2Ftags&post=114"}],"curies":[{"name":"wp","href":"https:\/\/api.w.org\/{rel}","templated":true}]}}